{"id":14579,"date":"2021-03-27T01:51:03","date_gmt":"2021-03-27T00:51:03","guid":{"rendered":"http:\/\/www.studiogera.de\/001\/?p=14579"},"modified":"2021-03-27T01:51:19","modified_gmt":"2021-03-27T00:51:19","slug":"fuenf-preistraeger-der-musikschule-bei-jugend-musiziert","status":"publish","type":"post","link":"https:\/\/www.studiogera.de\/001\/2021\/03\/27\/fuenf-preistraeger-der-musikschule-bei-jugend-musiziert\/","title":{"rendered":"F\u00dcNF PREISTR\u00c4GER DER MUSIKSCHULE BEI \u201eJUGEND MUSIZIERT\u201c"},"content":{"rendered":"\n<p>Der 58. Regional- und Landeswettbewerb \u201eJugend musiziert\u201c wurde als reiner digitaler Wettbewerb ausgeschrieben. Anstelle eines Pr\u00e4senzauftritts waren die Teilnehmer in diesem Jahr aufgefordert, Videos von den musikalischen Wettbewerbsbeitr\u00e4gen im Zeitraum vom 1. M\u00e4rz bis 12. M\u00e4rz 2021 einzureichen. Von der Fachjury wurden die musikalischen Beitr\u00e4ge im Videochat nach den Vorgaben der Ausschreibung im jeweiligen Schwierigkeitsgrad in den jeweiligen Altersgruppen bewertet. Unter diesen besonderen Bedingungen, ohne Leistungsvergleich vor Ort, waren alle Teilnehmer umso mehr gespannt auf ihre Ergebnisse. F\u00fcnf Preistr\u00e4ger des diesj\u00e4hrigen Wettbewerbs sind Sch\u00fclerinnen und Sch\u00fcler der Musikschule \u201eHeinrich Sch\u00fctz\u201c Gera.<\/p>\n\n\n\n<p>Einen ersten Preis erhielt in der Wertung Posaune Julia Rudert. Als Abiturientin der Spezialklassen f\u00fcr Musik im Rutheneum, konnte sich die 19-J\u00e4hrige im Pr\u00e4senzunterricht mit Lehrer Christian Ilg vorbereiten. In der Solowertung Mandoline erarbeiteten zwei Sch\u00fclerinnen von Renate Warnstedt die Programme im Online-Unterricht. Alexa Mittmann, zehn Jahre alt, wurde ein erster Preis und Tamara Schilling, zw\u00f6lf Jahre alt, ein zweiten Preis ausgesprochen. Die Br\u00fcder Filip, 15 Jahre alt, und Jan Kraus, 13 Jahre alt, begannen in der Wertung \u201eDuo: Klavier und ein Streichinstrument\u201c. Filip Kraus, Sch\u00fcler von Astrid Steinh\u00f6fel, begleitete am Klavier seinen Bruder Jan am Violoncello, Sch\u00fcler von Jesus Antonio Clavijo. Sie wurden mit dem ersten Preis ausgezeichnet.<\/p>\n\n\n\n<p>PREISTR\u00c4GER<\/p>\n\n\n\n<p><strong>Solowertung: Blechblasinstrumente<\/strong><br>I. Preis, 22 Punkte: Julia Rudert, Posaune, 19 Jahre alt (Lehrer: Christian Ilg), Klavierbegleitung: Lehrerin Katharina Weingardt<\/p>\n\n\n\n<p><strong>Solowertung: Zupfinstrumente, Mandoline<\/strong><br>I. Preis, 23 Punkte: Alexa Mittmann, zehn Jahre alt (Lehrerin: Renate Warnstedt)<br>II. Preis, 19 Punkte: Tamara Schilling, zw\u00f6lf Jahre alt (Lehrerin: Renate Warnstedt<\/p>\n\n\n\n<p><strong>Duo: Klavier und ein Streichinstrument<\/strong><br>I. Preis 22 Punkte: Filip Kraus, Klavier,15 Jahre alt (Lehrerin: Frau Steinh\u00f6fel) und Jan Kraus, Cello, 13 Jahre alt (Lehrer: Jesus Antonio Clavijo)<\/p>\n\n\n\n<p>QUELLE: STADTVERWALTUNG<\/p>\n","protected":false},"excerpt":{"rendered":"<div class=\"mh-excerpt\"><p>Der 58. Regional- und Landeswettbewerb \u201eJugend musiziert\u201c wurde als reiner digitaler Wettbewerb ausgeschrieben. Anstelle eines Pr\u00e4senzauftritts waren die Teilnehmer in diesem Jahr aufgefordert, Videos von den musikalischen Wettbewerbsbeitr\u00e4gen im Zeitraum vom 1. M\u00e4rz bis 12. <a class=\"mh-excerpt-more\" href=\"https:\/\/www.studiogera.de\/001\/2021\/03\/27\/fuenf-preistraeger-der-musikschule-bei-jugend-musiziert\/\" title=\"F\u00dcNF PREISTR\u00c4GER DER MUSIKSCHULE BEI \u201eJUGEND MUSIZIERT\u201c\">[&#8230;]<\/a><\/p>\n<\/div>","protected":false},"author":2,"featured_media":14580,"comment_status":"open","ping_status":"open","sticky":false,"template":"","format":"standard","meta":{"footnotes":""},"categories":[8],"tags":[],"class_list":{"0":"post-14579","1":"post","2":"type-post","3":"status-publish","4":"format-standard","5":"has-post-thumbnail","7":"category-kultur"},"_links":{"self":[{"href":"https:\/\/www.studiogera.de\/001\/wp-json\/wp\/v2\/posts\/14579","targetHints":{"allow":["GET"]}}],"collection":[{"href":"https:\/\/www.studiogera.de\/001\/wp-json\/wp\/v2\/posts"}],"about":[{"href":"https:\/\/www.studiogera.de\/001\/wp-json\/wp\/v2\/types\/post"}],"author":[{"embeddable":true,"href":"https:\/\/www.studiogera.de\/001\/wp-json\/wp\/v2\/users\/2"}],"replies":[{"embeddable":true,"href":"https:\/\/www.studiogera.de\/001\/wp-json\/wp\/v2\/comments?post=14579"}],"version-history":[{"count":2,"href":"https:\/\/www.studiogera.de\/001\/wp-json\/wp\/v2\/posts\/14579\/revisions"}],"predecessor-version":[{"id":14582,"href":"https:\/\/www.studiogera.de\/001\/wp-json\/wp\/v2\/posts\/14579\/revisions\/14582"}],"wp:featuredmedia":[{"embeddable":true,"href":"https:\/\/www.studiogera.de\/001\/wp-json\/wp\/v2\/media\/14580"}],"wp:attachment":[{"href":"https:\/\/www.studiogera.de\/001\/wp-json\/wp\/v2\/media?parent=14579"}],"wp:term":[{"taxonomy":"category","embeddable":true,"href":"https:\/\/www.studiogera.de\/001\/wp-json\/wp\/v2\/categories?post=14579"},{"taxonomy":"post_tag","embeddable":true,"href":"https:\/\/www.studiogera.de\/001\/wp-json\/wp\/v2\/tags?post=14579"}],"curies":[{"name":"wp","href":"https:\/\/api.w.org\/{rel}","templated":true}]}}