{"id":14584,"date":"2021-03-27T19:13:42","date_gmt":"2021-03-27T18:13:42","guid":{"rendered":"http:\/\/www.studiogera.de\/001\/?p=14584"},"modified":"2021-03-27T19:13:43","modified_gmt":"2021-03-27T18:13:43","slug":"warum-wurde-die-osterruhe-zurueckgenommen","status":"publish","type":"post","link":"https:\/\/www.studiogera.de\/001\/2021\/03\/27\/warum-wurde-die-osterruhe-zurueckgenommen\/","title":{"rendered":"WARUM WURDE DIE &#8222;OSTERRUHE&#8220; ZUR\u00dcCKGENOMMEN?"},"content":{"rendered":"\n<p>War es ein Fehler oder ein kluger Schachzug? Bundeskanzlerin Angela Merkel nahm einen Tag nach der Konferenz mit den Ministerpr\u00e4sidenten einen kleinen Teil der Beschl\u00fcsse wieder zur\u00fcck. Ein Gro\u00dfteil der Menschen reagiert erleichtert, w\u00e4hrend alle anderen Ma\u00dfnahmen erhalten bleiben und der Weg f\u00fcr weitere Versch\u00e4rfungen geebnet ist.<\/p>\n\n\n\n<p>Kanzleramtsminister Helge Braun meinte nach der j\u00fcngsten MPK mit Bundeskanzlerin Angela Merkel zun\u00e4chst noch, der Oster-Lockdown solle den Sommerurlaub erm\u00f6glichen. Als Merkel die Beschl\u00fcsse zur sogenannten Osterruhe wieder zur\u00fccknahm, wurde ihr Eingest\u00e4ndnis, einen Fehler begangen zu haben, vielfach als St\u00e4rke interpretiert. Die Menschen w\u00fcrden doch ihre Eink\u00e4ufe am Mittwoch erledigen, mit der Folge sehr hoher Kundenstr\u00f6me, hie\u00df es in zahlreichen kritischen Anmerkungen. Zudem sei die Regelung zur &#8222;Osterruhe&#8220; nicht rechtssicher gewesen.<\/p>\n\n\n\n<p>Inzwischen ist eine Tendenz zu h\u00f6heren Zahlen und strengeren Regeln erkennbar. In Nachbarl\u00e4ndern wie Frankreich und Polen werden die Beschr\u00e4nkungen wieder erweitert. Eine &#8222;Osterruhe&#8220; h\u00e4tte die Stimmung hierzulande sicherlich kippen lassen, und eine Verl\u00e4ngerung w\u00e4re kaum noch durchsetzbar gewesen. Die R\u00fccknahme f\u00fchrt nun dazu, dass die steigenden Zahlen einmal mehr eine besondere Wirkung entfalten \u2014 Angst vor Mutationen und Angst vor zu wenig Schutz. Dadurch w\u00e4chst wieder die Bereitschaft, sich strengeren Regeln zu unterwerfen.<\/p>\n\n\n\n<p>Unter Intensivmedizinern und Politikern mehren sich nun wieder Forderungen nach einem harten Shutdown. Er soll, wie auch allemal zuvor, nur ganz kurz andauern und als Wellenbrecher fungieren. Nach Ansicht von Karl Lauterbach werde in jedem Falle ein strenger Lockdown kommen m\u00fcssen. Die Frage sei nur, wann, sagte der SPD-Politiker am 25. M\u00e4rz 2021 im Nachrichtenprogramm NTV. Mit Impfen und Tests allein komme man gegen die dritte Welle nicht an.<\/p>\n\n\n\n<p>Der CDU-Politiker Norbert R\u00f6ttgen h\u00e4lt eine Einschr\u00e4nkung der Mobilit\u00e4t f\u00fcr das einzig wirksame Instrument zur Eind\u00e4mmung der dritten Welle. Entsprechend \u00e4u\u00dferte er sich am 26. M\u00e4rz im ZDF-Morgenmagazin. Mit dem Eingest\u00e4ndnis eines Fehlers, habe man die M\u00f6glichkeit, eine Kehrtwende zu vollziehen.<\/p>\n\n\n\n<p>Die Hoffnung, nach rigorosen Beschr\u00e4nkungen wieder zur Normalit\u00e4t zur\u00fcckkehren zu k\u00f6nnen, hatte die Menschen in den vergangenen Monaten immer wieder motiviert, sich an alle Vorgaben zu halten. Von einem schwierigen Winter \u00fcber vier Monate hinweg hatte Bundeskanzlerin Angela Merkel bereits am 29. Oktober 2020 im ZDF gesprochen. Am 10. M\u00e4rz 2021 k\u00fcndigte sie erneut drei bis vier schwierige Monate an.<\/p>\n\n\n\n<p>Auff\u00e4llig ist, dass die Zahlen wiedereinmal schon vor den gro\u00dfen Feiertagen steigen, und man k\u00f6nnte behaupten, sie tun es immer dann, wenn die B\u00fcrger normalerweise reisen, Geld ausgeben oder einander besuchen w\u00fcrden. Gleichzeitig wird ein kleines Schlupfloch in die fr\u00fchere Normalit\u00e4t ge\u00f6ffnet, mit der Empfehlung, es nicht zu nutzen \u2014 in diesem Falle ist es Mallorca.<\/p>\n\n\n\n<p>Wird man die dann stark ansteigende Sieben-Tage-Inzidenz f\u00fcr die Rechtfertigung der n\u00e4chsten Grundrechtseinschr\u00e4nkungen benutzen? Das Ganze ist sicherlich eine Verschw\u00f6rungstheorie. Die Beschl\u00fcsse zu den Corona-Ma\u00dfnahmen waren jedenfalls kein Ablenkungsman\u00f6ver von einem gescheiterten Krisenmanagement, wie einige politische Beobachter vermuteten, und die R\u00fccknahme der &#8222;Osterruhe&#8220; k\u00f6nnte wohl durchdacht sein. Nach derzeitiger Lage f\u00fchren die getroffenen Entscheidungen n\u00e4mlich geradewegs zum Ziel, indem sie einerseits den Weg zur\u00fcck in die alte Normalit\u00e4t versperren, und zum anderen mit dem Wohlwollen der meisten B\u00fcrger den Aufbau einer neuen Kontroll-Infrastruktur erm\u00f6glichen.<\/p>\n\n\n\n<p>Regelm\u00e4\u00dfige Impfungen, Smartphones als Datensammler, die physische Vereinzelung der Menschen, Zugangszertifikate f\u00fcr das gesellschaftliche Leben sollen die Bausteine daf\u00fcr sein, was man k\u00fcnftig unter Freiheit zu verstehen hat. Noch ist es nicht soweit, aber nach mehreren Lockdowns wird die Mehrheit schlie\u00dflich nach Dingen verlangen, die fr\u00fcher genau das Gegenteil von Freiheit waren.<\/p>\n\n\n\n<p>INTERPRETATION<\/p>\n","protected":false},"excerpt":{"rendered":"<div class=\"mh-excerpt\"><p>War es ein Fehler oder ein kluger Schachzug? Bundeskanzlerin Angela Merkel nahm einen Tag nach der Konferenz mit den Ministerpr\u00e4sidenten einen kleinen Teil der Beschl\u00fcsse wieder zur\u00fcck. Ein Gro\u00dfteil der Menschen reagiert erleichtert, w\u00e4hrend alle <a class=\"mh-excerpt-more\" href=\"https:\/\/www.studiogera.de\/001\/2021\/03\/27\/warum-wurde-die-osterruhe-zurueckgenommen\/\" title=\"WARUM WURDE DIE &#8222;OSTERRUHE&#8220; ZUR\u00dcCKGENOMMEN?\">[&#8230;]<\/a><\/p>\n<\/div>","protected":false},"author":2,"featured_media":14586,"comment_status":"open","ping_status":"open","sticky":false,"template":"","format":"standard","meta":{"footnotes":""},"categories":[2],"tags":[],"class_list":{"0":"post-14584","1":"post","2":"type-post","3":"status-publish","4":"format-standard","5":"has-post-thumbnail","7":"category-weltweit"},"_links":{"self":[{"href":"https:\/\/www.studiogera.de\/001\/wp-json\/wp\/v2\/posts\/14584","targetHints":{"allow":["GET"]}}],"collection":[{"href":"https:\/\/www.studiogera.de\/001\/wp-json\/wp\/v2\/posts"}],"about":[{"href":"https:\/\/www.studiogera.de\/001\/wp-json\/wp\/v2\/types\/post"}],"author":[{"embeddable":true,"href":"https:\/\/www.studiogera.de\/001\/wp-json\/wp\/v2\/users\/2"}],"replies":[{"embeddable":true,"href":"https:\/\/www.studiogera.de\/001\/wp-json\/wp\/v2\/comments?post=14584"}],"version-history":[{"count":2,"href":"https:\/\/www.studiogera.de\/001\/wp-json\/wp\/v2\/posts\/14584\/revisions"}],"predecessor-version":[{"id":14587,"href":"https:\/\/www.studiogera.de\/001\/wp-json\/wp\/v2\/posts\/14584\/revisions\/14587"}],"wp:featuredmedia":[{"embeddable":true,"href":"https:\/\/www.studiogera.de\/001\/wp-json\/wp\/v2\/media\/14586"}],"wp:attachment":[{"href":"https:\/\/www.studiogera.de\/001\/wp-json\/wp\/v2\/media?parent=14584"}],"wp:term":[{"taxonomy":"category","embeddable":true,"href":"https:\/\/www.studiogera.de\/001\/wp-json\/wp\/v2\/categories?post=14584"},{"taxonomy":"post_tag","embeddable":true,"href":"https:\/\/www.studiogera.de\/001\/wp-json\/wp\/v2\/tags?post=14584"}],"curies":[{"name":"wp","href":"https:\/\/api.w.org\/{rel}","templated":true}]}}