{"id":14593,"date":"2021-03-28T15:06:07","date_gmt":"2021-03-28T13:06:07","guid":{"rendered":"http:\/\/www.studiogera.de\/001\/?p=14593"},"modified":"2021-03-28T15:06:08","modified_gmt":"2021-03-28T13:06:08","slug":"eine-neuausrichtung-der-energiepolitik-deutet-sich-an","status":"publish","type":"post","link":"https:\/\/www.studiogera.de\/001\/2021\/03\/28\/eine-neuausrichtung-der-energiepolitik-deutet-sich-an\/","title":{"rendered":"EINE NEUAUSRICHTUNG DER ENERGIEPOLITIK DEUTET SICH AN"},"content":{"rendered":"\n<p>Die Europ\u00e4ische Union sollte die Kernkraft nach Ansicht des wissenschaftlichen Dienstes der EU-Kommission als \u201egr\u00fcne Investition\u201c einstufen. Es gebe keine wissenschaftlich fundierten Belege daf\u00fcr, dass die Atomenergie die menschliche Gesundheit oder die Umwelt st\u00e4rker sch\u00e4dige als andere Technologien zur Stromerzeugung. Die Lagerung von Atomabfall tief unter der Erde sei \u201eangebracht und sicher\u201c. Nachzulesen ist dies in einem Dokument der Gemeinsamen Forschungsstelle JRC. Darin wird auf entsprechende Projekte in Frankreich und Finnland verwiesen.<\/p>\n\n\n\n<p>Derzeit arbeitet die Europ\u00e4ische Kommission an einem an einem Klassifizierungssystem, um bestimmte wirtschaftliche Aktivit\u00e4ten als nachhaltige Investitionen einstufen zu k\u00f6nnen. Bevor sie eine Entscheidung zur Atomkraft trifft, sollen zwei Experten-Aussch\u00fcsse den Bericht pr\u00fcfen. Hierf\u00fcr ist ein Zeitraum von drei Monaten veranschlagt.<\/p>\n\n\n\n<p>Innerhalb der EU w\u00fcnschen Frankreich, Polen, Ungarn, die Tschechische Republik, Slowenien, Rum\u00e4nien und die Slowakei ein st\u00e4rkeres Engagement f\u00fcr die Kernenergie. In einem Brief an EU-Kommissionschefin Ursula von der Leyen und drei weiteren Kommissions-Mitgliedern verlangen sie, die Atomkraft nicht nur anzuerkennen, sondern auch aktiv zu f\u00f6rdern. Um bis zum Jahre 2050 eine Klimaneutralit\u00e4t erreichen zu k\u00f6nnen, m\u00fcssten in der Klima- und Energiepolitik die gleichen Wettbewerbsbedingungen gelten.<\/p>\n\n\n\n<p>Der Gro\u00dfinvestor Bill Gates hatte bereits am 17. Februar 2021 in einer ARD-Sendung \u00fcber die Zukunft der Kernkraft und die Entwicklung neuer Technologien gesprochen:<\/p>\n\n\n\n<blockquote class=\"wp-block-quote is-layout-flow wp-block-quote-is-layout-flow\"><p>Ich habe ein Unternehmen, das wir nur aus Klimaschutzgr\u00fcnden auf die Beine gestellt haben, welches supersichere Kernkraft-Technologien entwickelt. Wir m\u00fcssen sowohl in die Speicher-Technologie als auch in die Kernkraft investieren \u2014 in der Hoffnung, dass eins von den beiden funktionieren wird. Denn wenn wir keins der beiden haben, k\u00f6nnen wir den Klimawandel nicht stoppen.<\/p><\/blockquote>\n\n\n\n<p>Seiner Ansicht nach k\u00f6nnte in Zukunft dreimal soviel Elektrizit\u00e4t wie gegenw\u00e4rtig ben\u00f6tigt werden, wenn man auf Verbrennungsmotoren und Erdgas zum Heizen verzichten wolle. Doch in Europa k\u00f6nnten die Wetterverh\u00e4ltnisse die Solar- und Windenergieproduktion wochenlang unterbrechen. Das Verfahren der Kernfusion habe sich als sicher herausgestellt und sei wirtschaftlicher als alles andere. Zudem h\u00e4tten Kohle und Gas insgesamt vielmehr Menschen get\u00f6tet als die Atomkraft, und zudem gro\u00dfe Sch\u00e4den verursacht. Ausgestattet mit einer neuen Technologie, w\u00fcrden die k\u00fcnftigen Reaktoren viel weniger Atomm\u00fcll produzieren. Ein Modell-Kraftwerk soll in f\u00fcnf Jahren fertiggestellt sein. Was die Speicher-Technologie anbelangt, sei gegenw\u00e4rtig nicht mit einem deutlichen Fortschritt zu rechnen.<\/p>\n\n\n\n<p>Kritiker f\u00fcrchten, das Problem der Umweltbelastung werde zunehmend von der Luft in den Boden verlagert. W\u00e4hrend man um die Reinhaltung der Luft in besonderem Ma\u00dfe bem\u00fcht sei, werde der Boden als Ergebnis der Technologiewende wegen des Abbaus seltener Rohstoffe und neuer Abfalleinlagerungen st\u00e4rker belastet.<\/p>\n","protected":false},"excerpt":{"rendered":"<div class=\"mh-excerpt\"><p>Die Europ\u00e4ische Union sollte die Kernkraft nach Ansicht des wissenschaftlichen Dienstes der EU-Kommission als \u201egr\u00fcne Investition\u201c einstufen. Es gebe keine wissenschaftlich fundierten Belege daf\u00fcr, dass die Atomenergie die menschliche Gesundheit oder die Umwelt st\u00e4rker sch\u00e4dige <a class=\"mh-excerpt-more\" href=\"https:\/\/www.studiogera.de\/001\/2021\/03\/28\/eine-neuausrichtung-der-energiepolitik-deutet-sich-an\/\" title=\"EINE NEUAUSRICHTUNG DER ENERGIEPOLITIK DEUTET SICH AN\">[&#8230;]<\/a><\/p>\n<\/div>","protected":false},"author":2,"featured_media":1033,"comment_status":"open","ping_status":"open","sticky":false,"template":"","format":"standard","meta":{"footnotes":""},"categories":[1],"tags":[],"class_list":{"0":"post-14593","1":"post","2":"type-post","3":"status-publish","4":"format-standard","5":"has-post-thumbnail","7":"category-vermischtes"},"_links":{"self":[{"href":"https:\/\/www.studiogera.de\/001\/wp-json\/wp\/v2\/posts\/14593","targetHints":{"allow":["GET"]}}],"collection":[{"href":"https:\/\/www.studiogera.de\/001\/wp-json\/wp\/v2\/posts"}],"about":[{"href":"https:\/\/www.studiogera.de\/001\/wp-json\/wp\/v2\/types\/post"}],"author":[{"embeddable":true,"href":"https:\/\/www.studiogera.de\/001\/wp-json\/wp\/v2\/users\/2"}],"replies":[{"embeddable":true,"href":"https:\/\/www.studiogera.de\/001\/wp-json\/wp\/v2\/comments?post=14593"}],"version-history":[{"count":3,"href":"https:\/\/www.studiogera.de\/001\/wp-json\/wp\/v2\/posts\/14593\/revisions"}],"predecessor-version":[{"id":14596,"href":"https:\/\/www.studiogera.de\/001\/wp-json\/wp\/v2\/posts\/14593\/revisions\/14596"}],"wp:featuredmedia":[{"embeddable":true,"href":"https:\/\/www.studiogera.de\/001\/wp-json\/wp\/v2\/media\/1033"}],"wp:attachment":[{"href":"https:\/\/www.studiogera.de\/001\/wp-json\/wp\/v2\/media?parent=14593"}],"wp:term":[{"taxonomy":"category","embeddable":true,"href":"https:\/\/www.studiogera.de\/001\/wp-json\/wp\/v2\/categories?post=14593"},{"taxonomy":"post_tag","embeddable":true,"href":"https:\/\/www.studiogera.de\/001\/wp-json\/wp\/v2\/tags?post=14593"}],"curies":[{"name":"wp","href":"https:\/\/api.w.org\/{rel}","templated":true}]}}