{"id":14615,"date":"2021-03-28T21:13:23","date_gmt":"2021-03-28T19:13:23","guid":{"rendered":"http:\/\/www.studiogera.de\/001\/?p=14615"},"modified":"2021-03-28T21:13:24","modified_gmt":"2021-03-28T19:13:24","slug":"unerlaubte-zusammenkunft-im-stadtwald","status":"publish","type":"post","link":"https:\/\/www.studiogera.de\/001\/2021\/03\/28\/unerlaubte-zusammenkunft-im-stadtwald\/","title":{"rendered":"UNERLAUBTE ZUSAMMENKUNFT IM STADTWALD"},"content":{"rendered":"\n<p>Am sp\u00e4ten Freitagabend wurde die Polizei \u00fcber eine Personenansammlung im Stadtwald im Bereich einer Waldh\u00fctte informiert. Nach Angaben von Zeugen wurden auch rechtsextremistische Parolen gerufen. Die eingesetzten Polizeikr\u00e4fte stellten vor Ort f\u00fcnf Personen im Alter von 20 bis 30 Jahren fest, die sich zudem nicht an die geltenden Infektionsschutzbestimmungen hielten. Nach Feststellung der Personalien wurde die Zusammenkunft aufgel\u00f6st. Ermittlungsverfahren wegen Verst\u00f6\u00dfen gegen das Infektionsschutzgesetz sowie wegen des Verwendens von Kennzeichen verfassungswidriger Organisationen wurden eingeleitet.<\/p>\n","protected":false},"excerpt":{"rendered":"<div class=\"mh-excerpt\"><p>Am sp\u00e4ten Freitagabend wurde die Polizei \u00fcber eine Personenansammlung im Stadtwald im Bereich einer Waldh\u00fctte informiert. Nach Angaben von Zeugen wurden auch rechtsextremistische Parolen gerufen. Die eingesetzten Polizeikr\u00e4fte stellten vor Ort f\u00fcnf Personen im Alter <a class=\"mh-excerpt-more\" href=\"https:\/\/www.studiogera.de\/001\/2021\/03\/28\/unerlaubte-zusammenkunft-im-stadtwald\/\" title=\"UNERLAUBTE ZUSAMMENKUNFT IM STADTWALD\">[&#8230;]<\/a><\/p>\n<\/div>","protected":false},"author":2,"featured_media":9356,"comment_status":"open","ping_status":"open","sticky":false,"template":"","format":"standard","meta":{"footnotes":""},"categories":[13],"tags":[],"class_list":{"0":"post-14615","1":"post","2":"type-post","3":"status-publish","4":"format-standard","5":"has-post-thumbnail","7":"category-polizeiberichte"},"_links":{"self":[{"href":"https:\/\/www.studiogera.de\/001\/wp-json\/wp\/v2\/posts\/14615","targetHints":{"allow":["GET"]}}],"collection":[{"href":"https:\/\/www.studiogera.de\/001\/wp-json\/wp\/v2\/posts"}],"about":[{"href":"https:\/\/www.studiogera.de\/001\/wp-json\/wp\/v2\/types\/post"}],"author":[{"embeddable":true,"href":"https:\/\/www.studiogera.de\/001\/wp-json\/wp\/v2\/users\/2"}],"replies":[{"embeddable":true,"href":"https:\/\/www.studiogera.de\/001\/wp-json\/wp\/v2\/comments?post=14615"}],"version-history":[{"count":1,"href":"https:\/\/www.studiogera.de\/001\/wp-json\/wp\/v2\/posts\/14615\/revisions"}],"predecessor-version":[{"id":14616,"href":"https:\/\/www.studiogera.de\/001\/wp-json\/wp\/v2\/posts\/14615\/revisions\/14616"}],"wp:featuredmedia":[{"embeddable":true,"href":"https:\/\/www.studiogera.de\/001\/wp-json\/wp\/v2\/media\/9356"}],"wp:attachment":[{"href":"https:\/\/www.studiogera.de\/001\/wp-json\/wp\/v2\/media?parent=14615"}],"wp:term":[{"taxonomy":"category","embeddable":true,"href":"https:\/\/www.studiogera.de\/001\/wp-json\/wp\/v2\/categories?post=14615"},{"taxonomy":"post_tag","embeddable":true,"href":"https:\/\/www.studiogera.de\/001\/wp-json\/wp\/v2\/tags?post=14615"}],"curies":[{"name":"wp","href":"https:\/\/api.w.org\/{rel}","templated":true}]}}