{"id":14617,"date":"2021-03-28T21:52:23","date_gmt":"2021-03-28T19:52:23","guid":{"rendered":"http:\/\/www.studiogera.de\/001\/?p=14617"},"modified":"2021-03-28T21:52:25","modified_gmt":"2021-03-28T19:52:25","slug":"buergertestzentrum-in-tinz-ab-29-maerz-2021-in-betrieb","status":"publish","type":"post","link":"https:\/\/www.studiogera.de\/001\/2021\/03\/28\/buergertestzentrum-in-tinz-ab-29-maerz-2021-in-betrieb\/","title":{"rendered":"B\u00dcRGERTESTZENTRUM IN TINZ AB 29. M\u00c4RZ 2021 IN BETRIEB"},"content":{"rendered":"\n<p>ASB Regionalverband Ostth\u00fcringen und DRK Kreisverband Gera-Stadt f\u00fchren kostenlose Corona-Schnelltests in umfunktionierten Schulungsr\u00e4umen im Seniorenzentrum \u201eGr\u00fcner Weg\u201c durch.<\/p>\n\n\n\n<p>Ab dem 29. M\u00e4rz 2021 bietet ein B\u00fcrgertestzentrum in Tinz, im Seniorenzentrum Gr\u00fcner Weg 4, kostenlose Schnelltests den B\u00fcrgern der Stadt Gera an. Prinzipiell k\u00f6nnen laut Verordnung auch B\u00fcrger, die Ihren Wohnsitz in Deutschland haben, einen Schnelltest beanspruchen. Betrieben wird dieses gemeinsam durch den DRK Kreisverband Gera-Stadt e. V. und durch den ASB Regionalverband Ostth\u00fcringen e. V. Letzterer stellt auch die R\u00e4ume zur Verf\u00fcgung. Es handelt sich dabei um Fortbildungsr\u00e4ume im zweiten Obergeschoss des Seniorenzentrums, die aufgrund der Pandemie derzeit ungenutzt sind. Ein behindertengerechter Zugang und ein Fahrstuhl sind vorhanden. Der Besucherverkehr wird durch ein Einbahnstra\u00dfensystem sicher geregelt. Erreichbar ist das Seniorenzentrum mit dem PKW \u00fcber die Berliner Stra\u00dfe. In direkter N\u00e4he befindet sich auch die Stra\u00dfenbahnhaltestelle Gr\u00fcner Weg. Voraussetzungen f\u00fcr die Durchf\u00fchrung eines Tests sind die Vorlage des Personalausweises und das Tragen einer FFP2-Maske.<\/p>\n\n\n\n<p>F\u00fcr die erste Woche sind folgende \u00d6ffnungszeiten vorgesehen: Montag bis Donnerstag von 12 Uhr bis 19 Uhr und am Samstag von 10 Uhr bis 18 Uhr. Geraer B\u00fcrger k\u00f6nnen sich ohne Voranmeldung in dieser Zeit einem Schnelltest unterziehen. Da keine Erfahrungen vorliegen, wie stark das Testzentrum besucht werden wird, sollen die \u00d6ffnungszeiten nach der ersten Woche auf den Bedarf angepasst werden.<\/p>\n\n\n\n<p>Der Betrieb des Testzentrums erfolgt mit haupt- und ehrenamtlichem Personal der beiden Hilfsorganisationen. Geplant sind vier Mitarbeiter pro Tag f\u00fcr Registrierung, Navigation und Testdurchf\u00fchrung. Am Ende erh\u00e4lt jeder B\u00fcrger eine Bescheinigung \u00fcber das Ergebnis seines pers\u00f6nlichen Tests ausgeh\u00e4ndigt. Im Falle eines positiven Befundes erfolgt, so wie gesetzlich vorgeschrieben, eine Meldung an das Gesundheitsamt, welches dann einen PCR-Test zur Best\u00e4tigung veranlasst. Auch muss sich ein B\u00fcrger mit positivem Schnelltestergebnis unverz\u00fcglich in h\u00e4usliche Isolation (\u00bbAbsonderung\u00ab oder \u00bbQuarant\u00e4ne\u00ab) begeben.<\/p>\n\n\n\n<p>Am Freitag, dem 26. M\u00e4rz 2021, besuchte Oberb\u00fcrgermeister Julian Vonarb das geplante Testzentrum.<\/p>\n\n\n\n<p>\u201eDieses Testzentrum ist ein wichtiges und neben Apotheken und niedergelassenen \u00c4rzten zus\u00e4tzliches Angebot an unsere B\u00fcrger. Zum einen sorgen die kostenfreien Schnelltests f\u00fcr mehr Sicherheit und auch asymptomatische Infektionen k\u00f6nnen so schneller erkannt werden. Zum anderen sind die von Ministerpr\u00e4sident Bodo Ramelow in Aussicht gestellten und aus meiner Sicht auch dringend notwendigen \u00d6ffnungsschritte eng an den Nachweis eines negativen Testergebnisses gekoppelt, und dies wahrscheinlich auch auf lange Sicht. Daher bin ich sehr froh dar\u00fcber, dass die hier ans\u00e4ssigen Hilfsorganisationen von ASB und DRK auf Anfrage der Stadt in k\u00fcrzester Zeit die Betreibung eines Testzentrums \u00fcbernommen haben. Es ist mir ein pers\u00f6nliches Anliegen an dieser Stelle noch einmal allen zu danken, die durch ihr tatkr\u00e4ftiges Engagement helfen, diese andauernde Pandemie zu bew\u00e4ltigen\u201c, so Oberb\u00fcrgermeister Julian Vonarb.<\/p>\n\n\n\n<p>Seit 8. M\u00e4rz 2021 hat jeder B\u00fcrger Anspruch auf einen Corona-Schnelltest pro Woche. Bisher bieten in Gera zwei Apotheken diese Tests an, zwei weitere starten demn\u00e4chst. Die Stadt Gera plant, B\u00fcrgertestungen dezentral an m\u00f6glichst vielen Orten zu organisieren, um einerseits lange Wege und andererseits lange Warteschlangen zu vermeiden.<\/p>\n\n\n\n<p>Einen \u00dcberblick zu den verschieden Teststellen in Gera finden Sie unter \u201ewww.corona.gera.de\/tests\u201c.<\/p>\n\n\n\n<p>QUELLE: STADTVERWALTUNG<\/p>\n","protected":false},"excerpt":{"rendered":"<div class=\"mh-excerpt\"><p>ASB Regionalverband Ostth\u00fcringen und DRK Kreisverband Gera-Stadt f\u00fchren kostenlose Corona-Schnelltests in umfunktionierten Schulungsr\u00e4umen im Seniorenzentrum \u201eGr\u00fcner Weg\u201c durch. Ab dem 29. M\u00e4rz 2021 bietet ein B\u00fcrgertestzentrum in Tinz, im Seniorenzentrum Gr\u00fcner Weg 4, kostenlose Schnelltests <a class=\"mh-excerpt-more\" href=\"https:\/\/www.studiogera.de\/001\/2021\/03\/28\/buergertestzentrum-in-tinz-ab-29-maerz-2021-in-betrieb\/\" title=\"B\u00dcRGERTESTZENTRUM IN TINZ AB 29. M\u00c4RZ 2021 IN BETRIEB\">[&#8230;]<\/a><\/p>\n<\/div>","protected":false},"author":2,"featured_media":14618,"comment_status":"open","ping_status":"open","sticky":false,"template":"","format":"standard","meta":{"footnotes":""},"categories":[16],"tags":[],"class_list":{"0":"post-14617","1":"post","2":"type-post","3":"status-publish","4":"format-standard","5":"has-post-thumbnail","7":"category-kurzmitteilungen"},"_links":{"self":[{"href":"https:\/\/www.studiogera.de\/001\/wp-json\/wp\/v2\/posts\/14617","targetHints":{"allow":["GET"]}}],"collection":[{"href":"https:\/\/www.studiogera.de\/001\/wp-json\/wp\/v2\/posts"}],"about":[{"href":"https:\/\/www.studiogera.de\/001\/wp-json\/wp\/v2\/types\/post"}],"author":[{"embeddable":true,"href":"https:\/\/www.studiogera.de\/001\/wp-json\/wp\/v2\/users\/2"}],"replies":[{"embeddable":true,"href":"https:\/\/www.studiogera.de\/001\/wp-json\/wp\/v2\/comments?post=14617"}],"version-history":[{"count":1,"href":"https:\/\/www.studiogera.de\/001\/wp-json\/wp\/v2\/posts\/14617\/revisions"}],"predecessor-version":[{"id":14619,"href":"https:\/\/www.studiogera.de\/001\/wp-json\/wp\/v2\/posts\/14617\/revisions\/14619"}],"wp:featuredmedia":[{"embeddable":true,"href":"https:\/\/www.studiogera.de\/001\/wp-json\/wp\/v2\/media\/14618"}],"wp:attachment":[{"href":"https:\/\/www.studiogera.de\/001\/wp-json\/wp\/v2\/media?parent=14617"}],"wp:term":[{"taxonomy":"category","embeddable":true,"href":"https:\/\/www.studiogera.de\/001\/wp-json\/wp\/v2\/categories?post=14617"},{"taxonomy":"post_tag","embeddable":true,"href":"https:\/\/www.studiogera.de\/001\/wp-json\/wp\/v2\/tags?post=14617"}],"curies":[{"name":"wp","href":"https:\/\/api.w.org\/{rel}","templated":true}]}}