{"id":14621,"date":"2021-03-29T15:27:58","date_gmt":"2021-03-29T13:27:58","guid":{"rendered":"http:\/\/www.studiogera.de\/001\/?p=14621"},"modified":"2021-03-29T15:28:00","modified_gmt":"2021-03-29T13:28:00","slug":"friedhofsverwaltung-aufgrund-eines-corona-falles-geschlossen","status":"publish","type":"post","link":"https:\/\/www.studiogera.de\/001\/2021\/03\/29\/friedhofsverwaltung-aufgrund-eines-corona-falles-geschlossen\/","title":{"rendered":"FRIEDHOFSVERWALTUNG AUFGRUND EINES CORONA-FALLES GESCHLOSSEN"},"content":{"rendered":"\n<p>Aufgrund eines best\u00e4tigten Corona-Falls befinden sich alle Angestellten der Geraer Friedhofsverwaltung derzeit in Quarant\u00e4ne. Trotz der Quarant\u00e4neanordnung ist die Verwaltung f\u00fcr alle B\u00fcrger t\u00e4glich von 9 Uhr und 15 Uhr unter der Rufnummer 0365 8333840 erreichbar.<\/p>\n","protected":false},"excerpt":{"rendered":"<div class=\"mh-excerpt\"><p>Aufgrund eines best\u00e4tigten Corona-Falls befinden sich alle Angestellten der Geraer Friedhofsverwaltung derzeit in Quarant\u00e4ne. Trotz der Quarant\u00e4neanordnung ist die Verwaltung f\u00fcr alle B\u00fcrger t\u00e4glich von 9 Uhr und 15 Uhr unter der Rufnummer 0365 8333840 <a class=\"mh-excerpt-more\" href=\"https:\/\/www.studiogera.de\/001\/2021\/03\/29\/friedhofsverwaltung-aufgrund-eines-corona-falles-geschlossen\/\" title=\"FRIEDHOFSVERWALTUNG AUFGRUND EINES CORONA-FALLES GESCHLOSSEN\">[&#8230;]<\/a><\/p>\n<\/div>","protected":false},"author":3,"featured_media":7152,"comment_status":"open","ping_status":"open","sticky":false,"template":"","format":"standard","meta":{"footnotes":""},"categories":[16],"tags":[],"class_list":{"0":"post-14621","1":"post","2":"type-post","3":"status-publish","4":"format-standard","5":"has-post-thumbnail","7":"category-kurzmitteilungen"},"_links":{"self":[{"href":"https:\/\/www.studiogera.de\/001\/wp-json\/wp\/v2\/posts\/14621","targetHints":{"allow":["GET"]}}],"collection":[{"href":"https:\/\/www.studiogera.de\/001\/wp-json\/wp\/v2\/posts"}],"about":[{"href":"https:\/\/www.studiogera.de\/001\/wp-json\/wp\/v2\/types\/post"}],"author":[{"embeddable":true,"href":"https:\/\/www.studiogera.de\/001\/wp-json\/wp\/v2\/users\/3"}],"replies":[{"embeddable":true,"href":"https:\/\/www.studiogera.de\/001\/wp-json\/wp\/v2\/comments?post=14621"}],"version-history":[{"count":1,"href":"https:\/\/www.studiogera.de\/001\/wp-json\/wp\/v2\/posts\/14621\/revisions"}],"predecessor-version":[{"id":14622,"href":"https:\/\/www.studiogera.de\/001\/wp-json\/wp\/v2\/posts\/14621\/revisions\/14622"}],"wp:featuredmedia":[{"embeddable":true,"href":"https:\/\/www.studiogera.de\/001\/wp-json\/wp\/v2\/media\/7152"}],"wp:attachment":[{"href":"https:\/\/www.studiogera.de\/001\/wp-json\/wp\/v2\/media?parent=14621"}],"wp:term":[{"taxonomy":"category","embeddable":true,"href":"https:\/\/www.studiogera.de\/001\/wp-json\/wp\/v2\/categories?post=14621"},{"taxonomy":"post_tag","embeddable":true,"href":"https:\/\/www.studiogera.de\/001\/wp-json\/wp\/v2\/tags?post=14621"}],"curies":[{"name":"wp","href":"https:\/\/api.w.org\/{rel}","templated":true}]}}