{"id":14623,"date":"2021-03-29T23:17:43","date_gmt":"2021-03-29T21:17:43","guid":{"rendered":"http:\/\/www.studiogera.de\/001\/?p=14623"},"modified":"2021-03-29T23:17:44","modified_gmt":"2021-03-29T21:17:44","slug":"neue-vortragsreihe-zur-agenda-2030","status":"publish","type":"post","link":"https:\/\/www.studiogera.de\/001\/2021\/03\/29\/neue-vortragsreihe-zur-agenda-2030\/","title":{"rendered":"NEUE VORTRAGSREIHE ZUR AGENDA 2030"},"content":{"rendered":"\n<p>Ab April 2021 finden an der Geraer Volkshochschule \u201eAenne Biermann\u201c digitale Vortr\u00e4ge zu den Zielen f\u00fcr nachhaltige Entwicklung aus der Agenda 2030 von den Vereinten Nationen statt. Im Rahmen dieser Online-Reihe geht es um eine erste Evaluation dieser Zielstellungen. \u201eStadt.Land.Welt. \u2013 Web\u201c befragt Expertinnen und Experten nach dem Stand des Zielesets als Ganzes und nach dem Stand einzelner Ziele.<br>Die digitale Vortragsreihe findet im Rahmen des deutschlandweiten Programms \u201eEntwicklungsbezogene Bildung in Deutschland\u201c (EBD) statt. \u201eStadt.Land.Welt. \u2013 Web\u201c ist eine Kooperation zwischen \u201eEngagement Global\u201c, dem \u201eDeutschen Volkshochschulverband\u201c (DVV), dem \u201eInstitut f\u00fcr Internationale Zusammenarbeit des Deutschen Volkshochschul-Verbandes e. V.\u201c (DVV International) sowie den \u00f6rtlichen Volkshochschulen. Die Geraer Volkshochschule beteiligt sich an dieser Veranstaltungsreihe und l\u00e4dt interessierte Erwachsene in jedem Alter ein.<\/p>\n\n\n\n<p>Es werden drei Veranstaltungen angeboten:<\/p>\n\n\n\n<p><strong>Mittwoch, 21. April 2021<\/strong><\/p>\n\n\n\n<ul class=\"wp-block-list\"><li>\u201eAgenda 2030 f\u00fcr Nachhaltige Entwicklung: 17 Ziele \u2014 \u00dcberblick und Zwischenbilanz\u201c<\/li><li>Referent: Jens Martens (Diplom-Volkswirt, Gesch\u00e4ftsf\u00fchrer des Global-Policy-Forums)<\/li><\/ul>\n\n\n\n<p><strong>Mittwoch, 9. Juni 2021<\/strong><\/p>\n\n\n\n<ul class=\"wp-block-list\"><li>\u201eEine Reise in die Unterwasserwelt der Meere, Ziel 14: Leben unter Wasser\u201c,<\/li><li>Referentin: Stefanie Sudhaus (Meeresschutzreferentin f\u00fcr den BUND Schleswig-Holstein)<\/li><\/ul>\n\n\n\n<p><strong>Mittwoch, 14. Juli 2021<\/strong><\/p>\n\n\n\n<ul class=\"wp-block-list\"><li>\u201eEntwicklungszusammenarbeit als Friedenspolitik? Das Beispiel Mali, Ziel 16: Frieden, Gerechtigkeit und starke Institutionen\u201c<\/li><li>Referenten: J\u00fcrgen Koch (ehemaliger Landesdirektor der Gesellschaft f\u00fcr Internationale Zusammenarbeit) und Martin Westphal (Regionalleiter Westafrika des Instituts f\u00fcr Internationale Zusammenarbeit des deutschen Volkshochschul-Verbandes e. V.)<\/li><\/ul>\n\n\n\n<p>Die Veranstaltungen sind kostenfrei und finden jeweils von 19 Uhr bis 20.30 Uhr statt. Weitere Veranstaltungen sind geplant. Zur Teilnahme werden ein PC, Laptop oder ein mobiles Endger\u00e4t mit Internetanschluss ben\u00f6tigt. Fragen und Diskussionsbeitr\u00e4ge k\u00f6nnen \u00fcber die Chat-Funktion an die Referierenden gerichtet werden. Die Teilnehmer sind in der Veranstaltung nicht sichtbar und h\u00f6rbar. Nach der Anmeldung erhalten die Teilnehmer einen Link, \u00fcber den sich zur konkreten Veranstaltung eingew\u00e4hlt wird.<\/p>\n\n\n\n<p>Im Jahre 2015 wurden von den Vereinten Nationen insgesamt 17 Ziele verabschiedet. Diese umfassen unter anderem die Bereiche Bildung, Ern\u00e4hrung, Geschlechtergleichheit und \u00f6konomische Infrastruktur.<\/p>\n\n\n\n<p>Die Anmeldung zu den Veranstaltungen erfolgt direkt \u00fcber die Geraer Volkshochschule \u00fcber den folgenden Kontakt:<\/p>\n\n\n\n<p>Geraer Volkshochschule<br>\u201eAenne Biermann\u201c<br>Talstra\u00dfe 3, 07545 Gera<br>Tel.: 0365 55 25 93 0<br>www.volkshochschule-gera.de<\/p>\n\n\n\n<p>QUELLE: STADTVERWALTUNG<\/p>\n","protected":false},"excerpt":{"rendered":"<div class=\"mh-excerpt\"><p>Ab April 2021 finden an der Geraer Volkshochschule \u201eAenne Biermann\u201c digitale Vortr\u00e4ge zu den Zielen f\u00fcr nachhaltige Entwicklung aus der Agenda 2030 von den Vereinten Nationen statt. Im Rahmen dieser Online-Reihe geht es um eine <a class=\"mh-excerpt-more\" href=\"https:\/\/www.studiogera.de\/001\/2021\/03\/29\/neue-vortragsreihe-zur-agenda-2030\/\" title=\"NEUE VORTRAGSREIHE ZUR AGENDA 2030\">[&#8230;]<\/a><\/p>\n<\/div>","protected":false},"author":2,"featured_media":13014,"comment_status":"open","ping_status":"open","sticky":false,"template":"","format":"standard","meta":{"footnotes":""},"categories":[16],"tags":[],"class_list":{"0":"post-14623","1":"post","2":"type-post","3":"status-publish","4":"format-standard","5":"has-post-thumbnail","7":"category-kurzmitteilungen"},"_links":{"self":[{"href":"https:\/\/www.studiogera.de\/001\/wp-json\/wp\/v2\/posts\/14623","targetHints":{"allow":["GET"]}}],"collection":[{"href":"https:\/\/www.studiogera.de\/001\/wp-json\/wp\/v2\/posts"}],"about":[{"href":"https:\/\/www.studiogera.de\/001\/wp-json\/wp\/v2\/types\/post"}],"author":[{"embeddable":true,"href":"https:\/\/www.studiogera.de\/001\/wp-json\/wp\/v2\/users\/2"}],"replies":[{"embeddable":true,"href":"https:\/\/www.studiogera.de\/001\/wp-json\/wp\/v2\/comments?post=14623"}],"version-history":[{"count":1,"href":"https:\/\/www.studiogera.de\/001\/wp-json\/wp\/v2\/posts\/14623\/revisions"}],"predecessor-version":[{"id":14624,"href":"https:\/\/www.studiogera.de\/001\/wp-json\/wp\/v2\/posts\/14623\/revisions\/14624"}],"wp:featuredmedia":[{"embeddable":true,"href":"https:\/\/www.studiogera.de\/001\/wp-json\/wp\/v2\/media\/13014"}],"wp:attachment":[{"href":"https:\/\/www.studiogera.de\/001\/wp-json\/wp\/v2\/media?parent=14623"}],"wp:term":[{"taxonomy":"category","embeddable":true,"href":"https:\/\/www.studiogera.de\/001\/wp-json\/wp\/v2\/categories?post=14623"},{"taxonomy":"post_tag","embeddable":true,"href":"https:\/\/www.studiogera.de\/001\/wp-json\/wp\/v2\/tags?post=14623"}],"curies":[{"name":"wp","href":"https:\/\/api.w.org\/{rel}","templated":true}]}}