{"id":14625,"date":"2021-03-29T23:28:36","date_gmt":"2021-03-29T21:28:36","guid":{"rendered":"http:\/\/www.studiogera.de\/001\/?p=14625"},"modified":"2021-03-29T23:33:59","modified_gmt":"2021-03-29T21:33:59","slug":"gera-nimmt-am-modellprojekt-weltoffene-kommune-teil","status":"publish","type":"post","link":"https:\/\/www.studiogera.de\/001\/2021\/03\/29\/gera-nimmt-am-modellprojekt-weltoffene-kommune-teil\/","title":{"rendered":"GERA NIMMT AM MODELLPROJEKT \u201eWELTOFFENE KOMMUNE\u201c TEIL"},"content":{"rendered":"\n<p>Wie weit ist die Stadt Gera auf dem Weg zu einer offenen und bunten Gesellschaft? Was unternimmt die Stadt daf\u00fcr, dass sich alle Einwohner informiert, geh\u00f6rt und sicher f\u00fchlen? Erm\u00f6glicht es die Stadt, dass sich auch Menschen mit Einwanderungsgeschichte vor Ort angemessen beteiligen k\u00f6nnen? Dies sind drei Beispiele von 105 Fragen, der sich die Stadt Gera im Rahmen der Selbst\u00fcberpr\u00fcfung zur Weltoffenen Kommune gestellt hat.<\/p>\n\n\n\n<p>Am 11. M\u00e4rz 2021 ging es um den n\u00e4chsten Schritt \u2014 die Durchf\u00fchrung eines digitalen Selbst\u00fcberpr\u00fcfungskursus. Hier waren nicht nur die Besch\u00e4ftigen in der Verwaltung gefragt, sondern auch Wohlfahrtsverb\u00e4nde, Vertreter der Fraktionen und andere Stimmen der Zivilgesellschaft. Eingeladen hatte hierzu die Dezernentin f\u00fcr Jugend und Soziales, Frau Sandra Wanzar. \u201eWir haben uns sehr auf den regen Austausch mit unseren Partnern in der Stadt gefreut, um gemeinsame Bedarfe zum Thema Weltoffenheit und Toleranz zu analysieren und weiterzuentwickeln. Dar\u00fcber hinaus erhofften wir uns Impulse f\u00fcr die Fortschreibung der Integrationsstrategie. Die Ergebnisse m\u00fcssen nun detailliert gesichtet werden\u201c, erkl\u00e4rt Wanzar. Die st\u00e4dtische Migrations- und Integrationsbeauftragte, Nicole Landmann, erg\u00e4nzt: \u201eIn dieser Woche finden die Internationalen Wochen gegen Rassismus statt, bei der sich auch die Stadt Gera beteiligt. Die Durchf\u00fchrung des Projektes ist ein deutliches Signal f\u00fcr ein respektvolles Miteinander aller B\u00fcrger&#8217;innen in Gera.\u201c<\/p>\n\n\n\n<p>Im Modellprojekt Weltoffene Kommune werden bis zu 40 Modellkommunen bis Anfang des Jahres 2022 eine Selbst\u00fcberpr\u00fcfung zur Weltoffenen Kommune durchf\u00fchren. Die Stadt Gera geh\u00f6rt als eine der Modellkommunen dazu. Das Modellprojekt Weltoffene Kommune wird von Phineo und der Bertelsmann Stiftung mit Unterst\u00fctzung der Bundesbeauftragten f\u00fcr Migration, Fl\u00fcchtlinge und Integration durchgef\u00fchrt. Die Erfahrungen der Modellkommunen werden wiederum anderen Kommunen zur Verf\u00fcgung gestellt.<\/p>\n\n\n\n<p>QUELLE: STADTVERWALTUNG<\/p>\n","protected":false},"excerpt":{"rendered":"<div class=\"mh-excerpt\"><p>Wie weit ist die Stadt Gera auf dem Weg zu einer offenen und bunten Gesellschaft? Was unternimmt die Stadt daf\u00fcr, dass sich alle Einwohner informiert, geh\u00f6rt und sicher f\u00fchlen? Erm\u00f6glicht es die Stadt, dass sich <a class=\"mh-excerpt-more\" href=\"https:\/\/www.studiogera.de\/001\/2021\/03\/29\/gera-nimmt-am-modellprojekt-weltoffene-kommune-teil\/\" title=\"GERA NIMMT AM MODELLPROJEKT \u201eWELTOFFENE KOMMUNE\u201c TEIL\">[&#8230;]<\/a><\/p>\n<\/div>","protected":false},"author":2,"featured_media":12980,"comment_status":"open","ping_status":"open","sticky":false,"template":"","format":"standard","meta":{"footnotes":""},"categories":[3],"tags":[],"class_list":{"0":"post-14625","1":"post","2":"type-post","3":"status-publish","4":"format-standard","5":"has-post-thumbnail","7":"category-lokal"},"_links":{"self":[{"href":"https:\/\/www.studiogera.de\/001\/wp-json\/wp\/v2\/posts\/14625","targetHints":{"allow":["GET"]}}],"collection":[{"href":"https:\/\/www.studiogera.de\/001\/wp-json\/wp\/v2\/posts"}],"about":[{"href":"https:\/\/www.studiogera.de\/001\/wp-json\/wp\/v2\/types\/post"}],"author":[{"embeddable":true,"href":"https:\/\/www.studiogera.de\/001\/wp-json\/wp\/v2\/users\/2"}],"replies":[{"embeddable":true,"href":"https:\/\/www.studiogera.de\/001\/wp-json\/wp\/v2\/comments?post=14625"}],"version-history":[{"count":2,"href":"https:\/\/www.studiogera.de\/001\/wp-json\/wp\/v2\/posts\/14625\/revisions"}],"predecessor-version":[{"id":14627,"href":"https:\/\/www.studiogera.de\/001\/wp-json\/wp\/v2\/posts\/14625\/revisions\/14627"}],"wp:featuredmedia":[{"embeddable":true,"href":"https:\/\/www.studiogera.de\/001\/wp-json\/wp\/v2\/media\/12980"}],"wp:attachment":[{"href":"https:\/\/www.studiogera.de\/001\/wp-json\/wp\/v2\/media?parent=14625"}],"wp:term":[{"taxonomy":"category","embeddable":true,"href":"https:\/\/www.studiogera.de\/001\/wp-json\/wp\/v2\/categories?post=14625"},{"taxonomy":"post_tag","embeddable":true,"href":"https:\/\/www.studiogera.de\/001\/wp-json\/wp\/v2\/tags?post=14625"}],"curies":[{"name":"wp","href":"https:\/\/api.w.org\/{rel}","templated":true}]}}