{"id":14630,"date":"2021-03-30T00:00:38","date_gmt":"2021-03-29T22:00:38","guid":{"rendered":"http:\/\/www.studiogera.de\/001\/?p=14630"},"modified":"2021-03-30T00:04:25","modified_gmt":"2021-03-29T22:04:25","slug":"kinderschuhe-und-plakate-am-eingang-des-rathauses","status":"publish","type":"post","link":"https:\/\/www.studiogera.de\/001\/2021\/03\/30\/kinderschuhe-und-plakate-am-eingang-des-rathauses\/","title":{"rendered":"KINDERSCHUHE UND PLAKATE AM EINGANG DES RATHAUSES"},"content":{"rendered":"\n<p>Auch der Eingang des Geraer Rathauses wurde in der vergangenen Woche als Ort f\u00fcr die deutschlandweite Schuhaktion besorgter Eltern im Zuge der erneuten Schulschlie\u00dfungen genutzt. Bis zum Freitag verweilten die Kinderschuhe und die Plakate vor der Rathaust\u00fcr. Initiator Matthias Diezel und Oberb\u00fcrgermeister Julian Vonarb gaben bekannt, dass die Schuhe einem gemeinn\u00fctzigen Zweck zu Gute kommen werden. \u201eWir m\u00f6chten, dass die Schuhe noch einen guten Zweck erf\u00fcllen und werden sie spenden.\u201c, erkl\u00e4rt Vonarb. \u201eDiese Aktion zeigt die Zerrissenheit, mit der wir in diesem Tagen leben. Mich erreichen zahlreiche Nachrichten, die Schulen wieder zu schlie\u00dfen aus Sorge um die Sicherheit der Kinder. Und dann gibt es auch die Eltern, die sich mit solchen Aktionen Geh\u00f6r verschaffen und fordern, die Schulen endlich wieder dauerhaft mit guten Konzepten zu \u00f6ffnen.\u201c Dieses Spannungsfeld sei auf kommunaler Ebene am deutlichsten zu sp\u00fcren, so Vonarb. Auf beiden Seiten w\u00fcrden die Perspektivlosigkeit und Zukunftsangst von Tag zu Tag gr\u00f6\u00dfer. \u00dcber das Wochenende wurden erneut Kinderschuhe vor dem Rathaus platziert.<\/p>\n\n\n\n<p>QUELLE: STADTVERWALTUNG<\/p>\n","protected":false},"excerpt":{"rendered":"<div class=\"mh-excerpt\"><p>Auch der Eingang des Geraer Rathauses wurde in der vergangenen Woche als Ort f\u00fcr die deutschlandweite Schuhaktion besorgter Eltern im Zuge der erneuten Schulschlie\u00dfungen genutzt. Bis zum Freitag verweilten die Kinderschuhe und die Plakate vor <a class=\"mh-excerpt-more\" href=\"https:\/\/www.studiogera.de\/001\/2021\/03\/30\/kinderschuhe-und-plakate-am-eingang-des-rathauses\/\" title=\"KINDERSCHUHE UND PLAKATE AM EINGANG DES RATHAUSES\">[&#8230;]<\/a><\/p>\n<\/div>","protected":false},"author":2,"featured_media":14632,"comment_status":"open","ping_status":"open","sticky":false,"template":"","format":"standard","meta":{"footnotes":""},"categories":[3],"tags":[],"class_list":{"0":"post-14630","1":"post","2":"type-post","3":"status-publish","4":"format-standard","5":"has-post-thumbnail","7":"category-lokal"},"_links":{"self":[{"href":"https:\/\/www.studiogera.de\/001\/wp-json\/wp\/v2\/posts\/14630","targetHints":{"allow":["GET"]}}],"collection":[{"href":"https:\/\/www.studiogera.de\/001\/wp-json\/wp\/v2\/posts"}],"about":[{"href":"https:\/\/www.studiogera.de\/001\/wp-json\/wp\/v2\/types\/post"}],"author":[{"embeddable":true,"href":"https:\/\/www.studiogera.de\/001\/wp-json\/wp\/v2\/users\/2"}],"replies":[{"embeddable":true,"href":"https:\/\/www.studiogera.de\/001\/wp-json\/wp\/v2\/comments?post=14630"}],"version-history":[{"count":1,"href":"https:\/\/www.studiogera.de\/001\/wp-json\/wp\/v2\/posts\/14630\/revisions"}],"predecessor-version":[{"id":14631,"href":"https:\/\/www.studiogera.de\/001\/wp-json\/wp\/v2\/posts\/14630\/revisions\/14631"}],"wp:featuredmedia":[{"embeddable":true,"href":"https:\/\/www.studiogera.de\/001\/wp-json\/wp\/v2\/media\/14632"}],"wp:attachment":[{"href":"https:\/\/www.studiogera.de\/001\/wp-json\/wp\/v2\/media?parent=14630"}],"wp:term":[{"taxonomy":"category","embeddable":true,"href":"https:\/\/www.studiogera.de\/001\/wp-json\/wp\/v2\/categories?post=14630"},{"taxonomy":"post_tag","embeddable":true,"href":"https:\/\/www.studiogera.de\/001\/wp-json\/wp\/v2\/tags?post=14630"}],"curies":[{"name":"wp","href":"https:\/\/api.w.org\/{rel}","templated":true}]}}