{"id":14648,"date":"2021-04-01T12:23:45","date_gmt":"2021-04-01T10:23:45","guid":{"rendered":"http:\/\/www.studiogera.de\/001\/?p=14648"},"modified":"2021-04-01T12:23:48","modified_gmt":"2021-04-01T10:23:48","slug":"7000-zusaetzliche-impfstoffdosen-fuer-die-stadt-gera","status":"publish","type":"post","link":"https:\/\/www.studiogera.de\/001\/2021\/04\/01\/7000-zusaetzliche-impfstoffdosen-fuer-die-stadt-gera\/","title":{"rendered":"7000 ZUS\u00c4TZLICHE IMPFSTOFFDOSEN F\u00dcR DIE STADT GERA"},"content":{"rendered":"\n<p>Ein Schreiben der Ministerin Heike Werner an Oberb\u00fcrgermeister Julian Vonarb best\u00e4tigt die Bereitstellung eines Zusatzkontingents von 7000 Impfstoffdosen f\u00fcr die Stadt Gera. Grund daf\u00fcr seien die anhaltend hohen Inzidenzwerte der Stadt. Am 1. April 2021 lag der Wert bei 393,02.<\/p>\n\n\n\n<p>Oberb\u00fcrgermeister Julian Vonarb hatte bereits vor zwei Wochen in einem Brief an Ministerpr\u00e4sidenten Bodo Ramelow darauf gedr\u00e4ngt, zus\u00e4tzlichen Impfstoff f\u00fcr Gera bereitzustellen, da innerhalb kurzer Zeit die Inzidenz dramatisch gestiegen war, was auch auf die geografische Lage der Stadt inmitten anderer Hochinzidenzgebiete zur\u00fcck zu f\u00fchren sei.<\/p>\n\n\n\n<p>Die zus\u00e4tzlichen Impfdosen sollen, so die Entscheidung des Oberb\u00fcrgermeister in Abstimmung mit dem Krisenstab und dem Gesundheitsamt, nach Ostern hier vor Ort im Impfzentrum Panndorfhalle an Geraer B\u00fcrger verimpft werden. Die Termine hierf\u00fcr werden auch \u00fcber das Th\u00fcringer Impfportal der Kassen\u00e4rztlichen Vereinigung vergeben, unter Angabe der Indikation: Hotspot-Region \u2014 Sonderimpfung\/Gera.<\/p>\n\n\n\n<p>Wichtig sei, so Oberb\u00fcrgermeister Julian Vonarb, dass vor allem B\u00fcrger der bereits berechtigten Priorit\u00e4tsstufen, die bisher noch keinen Termin buchen konnten, jetzt geimpft werden \u2014 auch um schwere Verl\u00e4ufe zu vermeiden. Hilfe bietet da der \u201eService Generationen\u201c \u2014 sowohl f\u00fcr Menschen, die Schwierigkeiten bei der Buchung haben, als auch bei fehlendem Internetzugang- Die Rufnummer lautet 0365 8383526.<\/p>\n\n\n\n<p>Dar\u00fcber hinaus beantragt die Stadt Gera f\u00fcr die zus\u00e4tzlichen 7000 Impfdosen auch eine Freischaltung der vollst\u00e4ndigen Priorit\u00e4tsstufe II \u201eHohe Priorit\u00e4t\u201c und der Priorit\u00e4tsstufe III \u201eErh\u00f6hte Priorit\u00e4t\u201c.<\/p>\n\n\n\n<p>\u201eWir m\u00fcssen es schaffen, m\u00f6glichst schnell viele B\u00fcrgerinnen und B\u00fcrger mit einer Impfung zu sch\u00fctzen. Die dritte Welle der Pandemie ist bisher ungebrochen und die Zahl der Patienten, die mit Covid-Infektionen in unserem SRH Wald-Klinikum behandelt werden m\u00fcssen, steigt. Ich appelliere an alle B\u00fcrgerinnen und B\u00fcrger, die Chance, die eine Impfung bietet, zu nutzen.\u201c, so Oberb\u00fcrgermeister Julian Vonarb.<\/p>\n\n\n\n<p>QUELLE: STADTVERWALTUNG<\/p>\n","protected":false},"excerpt":{"rendered":"<div class=\"mh-excerpt\"><p>Ein Schreiben der Ministerin Heike Werner an Oberb\u00fcrgermeister Julian Vonarb best\u00e4tigt die Bereitstellung eines Zusatzkontingents von 7000 Impfstoffdosen f\u00fcr die Stadt Gera. Grund daf\u00fcr seien die anhaltend hohen Inzidenzwerte der Stadt. Am 1. April 2021 <a class=\"mh-excerpt-more\" href=\"https:\/\/www.studiogera.de\/001\/2021\/04\/01\/7000-zusaetzliche-impfstoffdosen-fuer-die-stadt-gera\/\" title=\"7000 ZUS\u00c4TZLICHE IMPFSTOFFDOSEN F\u00dcR DIE STADT GERA\">[&#8230;]<\/a><\/p>\n<\/div>","protected":false},"author":2,"featured_media":14399,"comment_status":"open","ping_status":"open","sticky":false,"template":"","format":"standard","meta":{"footnotes":""},"categories":[3],"tags":[],"class_list":{"0":"post-14648","1":"post","2":"type-post","3":"status-publish","4":"format-standard","5":"has-post-thumbnail","7":"category-lokal"},"_links":{"self":[{"href":"https:\/\/www.studiogera.de\/001\/wp-json\/wp\/v2\/posts\/14648","targetHints":{"allow":["GET"]}}],"collection":[{"href":"https:\/\/www.studiogera.de\/001\/wp-json\/wp\/v2\/posts"}],"about":[{"href":"https:\/\/www.studiogera.de\/001\/wp-json\/wp\/v2\/types\/post"}],"author":[{"embeddable":true,"href":"https:\/\/www.studiogera.de\/001\/wp-json\/wp\/v2\/users\/2"}],"replies":[{"embeddable":true,"href":"https:\/\/www.studiogera.de\/001\/wp-json\/wp\/v2\/comments?post=14648"}],"version-history":[{"count":1,"href":"https:\/\/www.studiogera.de\/001\/wp-json\/wp\/v2\/posts\/14648\/revisions"}],"predecessor-version":[{"id":14649,"href":"https:\/\/www.studiogera.de\/001\/wp-json\/wp\/v2\/posts\/14648\/revisions\/14649"}],"wp:featuredmedia":[{"embeddable":true,"href":"https:\/\/www.studiogera.de\/001\/wp-json\/wp\/v2\/media\/14399"}],"wp:attachment":[{"href":"https:\/\/www.studiogera.de\/001\/wp-json\/wp\/v2\/media?parent=14648"}],"wp:term":[{"taxonomy":"category","embeddable":true,"href":"https:\/\/www.studiogera.de\/001\/wp-json\/wp\/v2\/categories?post=14648"},{"taxonomy":"post_tag","embeddable":true,"href":"https:\/\/www.studiogera.de\/001\/wp-json\/wp\/v2\/tags?post=14648"}],"curies":[{"name":"wp","href":"https:\/\/api.w.org\/{rel}","templated":true}]}}