{"id":14710,"date":"2021-04-05T11:01:46","date_gmt":"2021-04-05T09:01:46","guid":{"rendered":"http:\/\/www.studiogera.de\/001\/?p=14710"},"modified":"2021-04-05T11:02:06","modified_gmt":"2021-04-05T09:02:06","slug":"oberbuergermeister-besucht-baum-an-der-neuen-johanniskiche","status":"publish","type":"post","link":"https:\/\/www.studiogera.de\/001\/2021\/04\/05\/oberbuergermeister-besucht-baum-an-der-neuen-johanniskiche\/","title":{"rendered":"OBERB\u00dcRGERMEISTER BESUCHT BAUM AN DER NEUEN JOHANNISKICHE"},"content":{"rendered":"\n<p>Am Dienstag, den 23. M\u00e4rz 2021, wurde in der Zabelstra\u00dfe in Gera, H\u00f6he Johanniskirche, ein Japanischer Schnurbaum anl\u00e4sslich der Ausstellungsprojekte der H\u00f6hler Biennale gepflanzt. Initiiert wurde diese Aktion vom Verein zur Erhaltung der Geraer H\u00f6hler.<\/p>\n\n\n\n<p>Oberb\u00fcrgermeister Julian Vonarb dankt vor Ort in seiner Rede Frau Dr. Heil, Ideengeberin f\u00fcr diese Baumpflanzung und Projektverantwortliche der H\u00f6hler Biennale f\u00fcr ihr jahrelanges \u00fcberragendes Engagement: \u201eEs ist ein tolles, nachhaltiges Zeichen, zur Ehrung der nunmehr zehn Kunstausstellungen der H\u00f6hler Biennale, einen Baum zu pflanzen.\u201c<\/p>\n\n\n\n<p>Julian Vonarb blickt erwartungsvoll in Richtung der diesj\u00e4hrigen H\u00f6hler Biennale, die vom 23. Juli bis zum 9. Oktober unter dem Thema \u201eIrdisch-unter-irdisch\u201c stattfindet: \u201eDie heutige Veranstaltung ist mit Blick auf die zehnten H\u00f6hler Biennale, die im \u00dcbrigen auch in diesem Jahr wieder vom Stadtrat finanziell unterst\u00fctzt wird, ein sch\u00f6ner Auftakt. Ich bin mir sicher, ich spreche im Namen aller hier Anwesenden: Wir freuen uns so sehr auf die diesj\u00e4hrige H\u00f6hler Biennale, wie wir uns wohl noch nie auf eine Biennale gefreut haben.\u201c<\/p>\n\n\n\n<p>Eingeladen waren neben dem Oberb\u00fcrgermeister auch Wolfgang Tiefensee, Schirmherr der H\u00f6hler Biennale und Minister f\u00fcr Wirtschaft, Wissenschaft und Digitale Gesellschaft, die Sparkasse Gera-Greiz und die Commerzbank als Hauptf\u00f6rderer sowie Vertreter vom H\u00f6hlerverein, K\u00fcnstler und G\u00e4ste.<br>Der Baum ist bereits f\u00fcnf Meter hoch und stammt von der lokalen Grimm-Baumschule. Neben dem Baum ist eine Gedenkplatte f\u00fcr die Kunst unter der Altstadt von Gera eingelassen.<\/p>\n\n\n\n<p>QUELLE: STADTVERWALTUNG<\/p>\n","protected":false},"excerpt":{"rendered":"<div class=\"mh-excerpt\"><p>Am Dienstag, den 23. M\u00e4rz 2021, wurde in der Zabelstra\u00dfe in Gera, H\u00f6he Johanniskirche, ein Japanischer Schnurbaum anl\u00e4sslich der Ausstellungsprojekte der H\u00f6hler Biennale gepflanzt. Initiiert wurde diese Aktion vom Verein zur Erhaltung der Geraer H\u00f6hler. <a class=\"mh-excerpt-more\" href=\"https:\/\/www.studiogera.de\/001\/2021\/04\/05\/oberbuergermeister-besucht-baum-an-der-neuen-johanniskiche\/\" title=\"OBERB\u00dcRGERMEISTER BESUCHT BAUM AN DER NEUEN JOHANNISKICHE\">[&#8230;]<\/a><\/p>\n<\/div>","protected":false},"author":2,"featured_media":14711,"comment_status":"open","ping_status":"open","sticky":false,"template":"","format":"standard","meta":{"footnotes":""},"categories":[16],"tags":[],"class_list":{"0":"post-14710","1":"post","2":"type-post","3":"status-publish","4":"format-standard","5":"has-post-thumbnail","7":"category-kurzmitteilungen"},"_links":{"self":[{"href":"https:\/\/www.studiogera.de\/001\/wp-json\/wp\/v2\/posts\/14710","targetHints":{"allow":["GET"]}}],"collection":[{"href":"https:\/\/www.studiogera.de\/001\/wp-json\/wp\/v2\/posts"}],"about":[{"href":"https:\/\/www.studiogera.de\/001\/wp-json\/wp\/v2\/types\/post"}],"author":[{"embeddable":true,"href":"https:\/\/www.studiogera.de\/001\/wp-json\/wp\/v2\/users\/2"}],"replies":[{"embeddable":true,"href":"https:\/\/www.studiogera.de\/001\/wp-json\/wp\/v2\/comments?post=14710"}],"version-history":[{"count":2,"href":"https:\/\/www.studiogera.de\/001\/wp-json\/wp\/v2\/posts\/14710\/revisions"}],"predecessor-version":[{"id":14713,"href":"https:\/\/www.studiogera.de\/001\/wp-json\/wp\/v2\/posts\/14710\/revisions\/14713"}],"wp:featuredmedia":[{"embeddable":true,"href":"https:\/\/www.studiogera.de\/001\/wp-json\/wp\/v2\/media\/14711"}],"wp:attachment":[{"href":"https:\/\/www.studiogera.de\/001\/wp-json\/wp\/v2\/media?parent=14710"}],"wp:term":[{"taxonomy":"category","embeddable":true,"href":"https:\/\/www.studiogera.de\/001\/wp-json\/wp\/v2\/categories?post=14710"},{"taxonomy":"post_tag","embeddable":true,"href":"https:\/\/www.studiogera.de\/001\/wp-json\/wp\/v2\/tags?post=14710"}],"curies":[{"name":"wp","href":"https:\/\/api.w.org\/{rel}","templated":true}]}}