{"id":14720,"date":"2021-04-05T16:55:50","date_gmt":"2021-04-05T14:55:50","guid":{"rendered":"http:\/\/www.studiogera.de\/001\/?p=14720"},"modified":"2021-04-05T16:55:52","modified_gmt":"2021-04-05T14:55:52","slug":"geruechte-ueber-ausgangssperren-und-zwangsschliessungen","status":"publish","type":"post","link":"https:\/\/www.studiogera.de\/001\/2021\/04\/05\/geruechte-ueber-ausgangssperren-und-zwangsschliessungen\/","title":{"rendered":"GER\u00dcCHTE \u00dcBER AUSGANGSSPERREN UND ZWANGSSCHLIESSUNGEN"},"content":{"rendered":"\n<p>Mehrere Medien stimmen ihre Nutzer \u00fcber die sozialen Netzwerke derzeit auf eine neue und deutlich restriktivere Beschr\u00e4nkungsphase ein. Das Magazin \u201eFocus\u201c schreibt etwa: \u201eNur Knallhart-Ausgangssperren bringen wirklich etwas.\u201c Man bezieht sich auf Daten des RKI. Der Bundesgesundheitsminister warnt indessen: \u201eImpfen verhindert nicht die dritte Welle; die dritte Welle w\u00e4chst.\u201c<\/p>\n\n\n\n<p>Gleichzeitig sind Ger\u00fcchte \u00fcber einen Corona-Gipfel in dieser Woche in Umlauf. Dessen Einberufung werde schon am 6. April verk\u00fcndet. Die Information hier\u00fcber sei grafisch in Form einer fiktiven Nachricht verbreitet worden, um die Quelle zu sch\u00fctzen, meint ein Programmierer mit Hacker-Erfahrung. Demnach w\u00fcrden sich die Ministerpr\u00e4sidenten und Angela Merkel darauf einigen, das gesellschaftliche und wirtschaftliche Leben vom 12. April bis 23. Mai, also \u00fcber einen Zeitraum von sechs Wochen, weitgehend stillzulegen und eine ganzt\u00e4gige Ausgangssperre einzuf\u00fchren. Einzig der Lebensmitteleinzelhandel bleibe ge\u00f6ffnet. Hierf\u00fcr d\u00fcrfe jeder B\u00fcrger einmal pro Woche das Haus verlassen. Von Schlie\u00dfungen bzw. Betriebseinschr\u00e4nkungen w\u00e4ren auch Industriebetriebe, \u00f6ffentliche Verkehrsmittel, Schulen und Universit\u00e4ten betroffen. Die Bundeswehr werde die Polizei bei der Umsetzung unterst\u00fctzen.<\/p>\n\n\n\n<p>Ursprung und Wahrheitsgehalt dieser Nachricht sind zwar nicht bekannt, jedoch kam es in der Vergangenheit nach gleichartigen Meldungen tats\u00e4chlich zu Beschl\u00fcssen, die zumindest einem Teil der Ger\u00fcchte entsprachen.<\/p>\n","protected":false},"excerpt":{"rendered":"<div class=\"mh-excerpt\"><p>Mehrere Medien stimmen ihre Nutzer \u00fcber die sozialen Netzwerke derzeit auf eine neue und deutlich restriktivere Beschr\u00e4nkungsphase ein. Das Magazin \u201eFocus\u201c schreibt etwa: \u201eNur Knallhart-Ausgangssperren bringen wirklich etwas.\u201c Man bezieht sich auf Daten des RKI. <a class=\"mh-excerpt-more\" href=\"https:\/\/www.studiogera.de\/001\/2021\/04\/05\/geruechte-ueber-ausgangssperren-und-zwangsschliessungen\/\" title=\"GER\u00dcCHTE \u00dcBER AUSGANGSSPERREN UND ZWANGSSCHLIESSUNGEN\">[&#8230;]<\/a><\/p>\n<\/div>","protected":false},"author":2,"featured_media":10673,"comment_status":"open","ping_status":"open","sticky":false,"template":"","format":"standard","meta":{"footnotes":""},"categories":[16],"tags":[],"class_list":{"0":"post-14720","1":"post","2":"type-post","3":"status-publish","4":"format-standard","5":"has-post-thumbnail","7":"category-kurzmitteilungen"},"_links":{"self":[{"href":"https:\/\/www.studiogera.de\/001\/wp-json\/wp\/v2\/posts\/14720","targetHints":{"allow":["GET"]}}],"collection":[{"href":"https:\/\/www.studiogera.de\/001\/wp-json\/wp\/v2\/posts"}],"about":[{"href":"https:\/\/www.studiogera.de\/001\/wp-json\/wp\/v2\/types\/post"}],"author":[{"embeddable":true,"href":"https:\/\/www.studiogera.de\/001\/wp-json\/wp\/v2\/users\/2"}],"replies":[{"embeddable":true,"href":"https:\/\/www.studiogera.de\/001\/wp-json\/wp\/v2\/comments?post=14720"}],"version-history":[{"count":1,"href":"https:\/\/www.studiogera.de\/001\/wp-json\/wp\/v2\/posts\/14720\/revisions"}],"predecessor-version":[{"id":14721,"href":"https:\/\/www.studiogera.de\/001\/wp-json\/wp\/v2\/posts\/14720\/revisions\/14721"}],"wp:featuredmedia":[{"embeddable":true,"href":"https:\/\/www.studiogera.de\/001\/wp-json\/wp\/v2\/media\/10673"}],"wp:attachment":[{"href":"https:\/\/www.studiogera.de\/001\/wp-json\/wp\/v2\/media?parent=14720"}],"wp:term":[{"taxonomy":"category","embeddable":true,"href":"https:\/\/www.studiogera.de\/001\/wp-json\/wp\/v2\/categories?post=14720"},{"taxonomy":"post_tag","embeddable":true,"href":"https:\/\/www.studiogera.de\/001\/wp-json\/wp\/v2\/tags?post=14720"}],"curies":[{"name":"wp","href":"https:\/\/api.w.org\/{rel}","templated":true}]}}