{"id":14722,"date":"2021-04-05T23:17:06","date_gmt":"2021-04-05T21:17:06","guid":{"rendered":"http:\/\/www.studiogera.de\/001\/?p=14722"},"modified":"2021-04-05T23:17:47","modified_gmt":"2021-04-05T21:17:47","slug":"hinweise-zur-studien-und-berufsorientierung","status":"publish","type":"post","link":"https:\/\/www.studiogera.de\/001\/2021\/04\/05\/hinweise-zur-studien-und-berufsorientierung\/","title":{"rendered":"HINWEISE ZUR STUDIEN- UND BERUFSORIENTIERUNG"},"content":{"rendered":"\n<p>Seit dem 17. M\u00e4rz findet die erste digitale Ausgabe der Ostth\u00fcringer Studienmesse statt. Mit ihrem umfangreichen Informations- und Beratungsangebot organisiert vom Landratsamt Greiz in Zusammenarbeit mit der Stadt Gera, unterst\u00fctzt sie noch bis zum 17. April Jugendliche und Schulabsolventen bei der Wahl des passenden Studiengangs, und gibt wichtige Orientierungshilfe f\u00fcr die berufliche Zukunftsplanung.<\/p>\n\n\n\n<p>Unter \u201e<a href=\"http:\/\/www.studienmesse21.de\">http:\/\/www.studienmesse21.de<\/a>\u201c pr\u00e4sentieren rund 50 Aussteller, darunter Berufsakademien, Hochschulen und Universit\u00e4ten aus ganz Mitteldeutschland sowie eine Vielzahl an Unternehmen und Institutionen der Region, verschiedene Studieng\u00e4nge und Berufsbildungswege. Die Projektgruppe und die Aussteller vermeldeten einen erfolgreichen Beginn und freuen sich auf die Osterferien. \u201eIn den Osterferien empfehlen wir, sich in Ruhe und entspannt mit dem Angebot auseinander zu setzen und in der Familie zu beraten. Der gro\u00dfe Vorteil der Studienmesse in diesem Jahr ist, dass wir das Angebot volle vier Wochen zur Verf\u00fcgung stellen.\u201c, erkl\u00e4rt Ivonne Hebel, Mitarbeiterin der Wirtschaftsf\u00f6rderung Gera.<\/p>\n\n\n\n<p>Im Mittelpunkt der Messe steht das Vortragsprogramm mit Vortr\u00e4gen der Studieneinrichtungen. Am 13. und 15. April k\u00f6nnen Interessierte direkt mit den Fachleuten \u00fcber das Internet in Kontakt treten und sich unter anderem durch die Hochschulen Coburg, Erfurt, Gera-Eisenach, Magdeburg-Stendal, Nordhausen, Schmalkalden und die Universit\u00e4ten Dresden, Freiberg, Ilmenau und Weimar, aber beispielsweise auch durch die Bundespolizei und Bundeswehr pers\u00f6nlich beraten lassen. Mit der Friedrich-Schiller-Universit\u00e4t Jena, der Ernst-Abbe-Hochschule Jena und der Wests\u00e4chsischen Hochschule Zwickau sind auch wieder die drei gro\u00dfen Regionalen dabei. Die Vortr\u00e4ge mit allen Terminen werden in den jeweiligen Ausstellerr\u00e4umen und im Eingangsbereich der Messe angek\u00fcndigt. F\u00fcr die Besucherinnen und Besucher ist zudem eine Vielzahl an Videos abrufbar, in denen die Aussteller \u00fcber die verschiedenen Ausbildungswege, Studienrichtungen und Karrierem\u00f6glichkeiten informieren.<\/p>\n\n\n\n<p>Das Vortragsprogramm ist unter der Adresse \u201e<a href=\"http:\/\/gera.de\/studienmesse\">http:\/\/gera.de\/studienmesse<\/a>\u201c einsehbar.<\/p>\n","protected":false},"excerpt":{"rendered":"<div class=\"mh-excerpt\"><p>Seit dem 17. M\u00e4rz findet die erste digitale Ausgabe der Ostth\u00fcringer Studienmesse statt. Mit ihrem umfangreichen Informations- und Beratungsangebot organisiert vom Landratsamt Greiz in Zusammenarbeit mit der Stadt Gera, unterst\u00fctzt sie noch bis zum 17. <a class=\"mh-excerpt-more\" href=\"https:\/\/www.studiogera.de\/001\/2021\/04\/05\/hinweise-zur-studien-und-berufsorientierung\/\" title=\"HINWEISE ZUR STUDIEN- UND BERUFSORIENTIERUNG\">[&#8230;]<\/a><\/p>\n<\/div>","protected":false},"author":2,"featured_media":6809,"comment_status":"open","ping_status":"open","sticky":false,"template":"","format":"standard","meta":{"footnotes":""},"categories":[16],"tags":[],"class_list":{"0":"post-14722","1":"post","2":"type-post","3":"status-publish","4":"format-standard","5":"has-post-thumbnail","7":"category-kurzmitteilungen"},"_links":{"self":[{"href":"https:\/\/www.studiogera.de\/001\/wp-json\/wp\/v2\/posts\/14722","targetHints":{"allow":["GET"]}}],"collection":[{"href":"https:\/\/www.studiogera.de\/001\/wp-json\/wp\/v2\/posts"}],"about":[{"href":"https:\/\/www.studiogera.de\/001\/wp-json\/wp\/v2\/types\/post"}],"author":[{"embeddable":true,"href":"https:\/\/www.studiogera.de\/001\/wp-json\/wp\/v2\/users\/2"}],"replies":[{"embeddable":true,"href":"https:\/\/www.studiogera.de\/001\/wp-json\/wp\/v2\/comments?post=14722"}],"version-history":[{"count":2,"href":"https:\/\/www.studiogera.de\/001\/wp-json\/wp\/v2\/posts\/14722\/revisions"}],"predecessor-version":[{"id":14724,"href":"https:\/\/www.studiogera.de\/001\/wp-json\/wp\/v2\/posts\/14722\/revisions\/14724"}],"wp:featuredmedia":[{"embeddable":true,"href":"https:\/\/www.studiogera.de\/001\/wp-json\/wp\/v2\/media\/6809"}],"wp:attachment":[{"href":"https:\/\/www.studiogera.de\/001\/wp-json\/wp\/v2\/media?parent=14722"}],"wp:term":[{"taxonomy":"category","embeddable":true,"href":"https:\/\/www.studiogera.de\/001\/wp-json\/wp\/v2\/categories?post=14722"},{"taxonomy":"post_tag","embeddable":true,"href":"https:\/\/www.studiogera.de\/001\/wp-json\/wp\/v2\/tags?post=14722"}],"curies":[{"name":"wp","href":"https:\/\/api.w.org\/{rel}","templated":true}]}}