{"id":14726,"date":"2021-04-06T15:16:10","date_gmt":"2021-04-06T13:16:10","guid":{"rendered":"http:\/\/www.studiogera.de\/001\/?p=14726"},"modified":"2021-04-06T15:16:12","modified_gmt":"2021-04-06T13:16:12","slug":"winterdienst-der-stadt-gera-im-einsatz","status":"publish","type":"post","link":"https:\/\/www.studiogera.de\/001\/2021\/04\/06\/winterdienst-der-stadt-gera-im-einsatz\/","title":{"rendered":"WINTERDIENST DER STADT GERA IM EINSATZ"},"content":{"rendered":"\n<p>Der st\u00e4dtische Winterdienst ist seit 5.30 Uhr im Einsatz. In den fr\u00fchen Morgenstunden gestaltete sich der Einsatz anfangs schwierig, da der laufende Verkehr durch den starken Schneefall von rund zehn Zentimetern in kurzer Zeit partiell zum Erliegen kam und die Winterdienstfahrzeuge teilweise selbst durch die erstandenen Staus behindert wurden. Die Stadt Gera sichert den Winterdienst f\u00fcr das laufende Jahr ab dem Monat April derzeit mit den vorhandenen Eigenkapazit\u00e4ten. Die Vertr\u00e4ge der Fremdfirmen gelten nur f\u00fcr den Zeitraum von November bis M\u00e4rz des Folgejahres. Unterst\u00fctzt wurden die Fahrzeuge der Stadt Gera kurzfristig von der Geraer Umweltdienst GmbH ab 9 Uhr. Die Situation auf den Stra\u00dfen ist derzeit, auch beg\u00fcnstigt durch das einsetzende Tauwetter, wieder entspannt.<\/p>\n\n\n\n<p>Der Winterdienst bleibt in Bereitschaft f\u00fcr eine eventuelle \u00c4nderung der Wetterlage im Tagesverlauf und weiteren Neuschnee.<\/p>\n","protected":false},"excerpt":{"rendered":"<div class=\"mh-excerpt\"><p>Der st\u00e4dtische Winterdienst ist seit 5.30 Uhr im Einsatz. In den fr\u00fchen Morgenstunden gestaltete sich der Einsatz anfangs schwierig, da der laufende Verkehr durch den starken Schneefall von rund zehn Zentimetern in kurzer Zeit partiell <a class=\"mh-excerpt-more\" href=\"https:\/\/www.studiogera.de\/001\/2021\/04\/06\/winterdienst-der-stadt-gera-im-einsatz\/\" title=\"WINTERDIENST DER STADT GERA IM EINSATZ\">[&#8230;]<\/a><\/p>\n<\/div>","protected":false},"author":3,"featured_media":10673,"comment_status":"open","ping_status":"open","sticky":false,"template":"","format":"standard","meta":{"footnotes":""},"categories":[16],"tags":[],"class_list":{"0":"post-14726","1":"post","2":"type-post","3":"status-publish","4":"format-standard","5":"has-post-thumbnail","7":"category-kurzmitteilungen"},"_links":{"self":[{"href":"https:\/\/www.studiogera.de\/001\/wp-json\/wp\/v2\/posts\/14726","targetHints":{"allow":["GET"]}}],"collection":[{"href":"https:\/\/www.studiogera.de\/001\/wp-json\/wp\/v2\/posts"}],"about":[{"href":"https:\/\/www.studiogera.de\/001\/wp-json\/wp\/v2\/types\/post"}],"author":[{"embeddable":true,"href":"https:\/\/www.studiogera.de\/001\/wp-json\/wp\/v2\/users\/3"}],"replies":[{"embeddable":true,"href":"https:\/\/www.studiogera.de\/001\/wp-json\/wp\/v2\/comments?post=14726"}],"version-history":[{"count":1,"href":"https:\/\/www.studiogera.de\/001\/wp-json\/wp\/v2\/posts\/14726\/revisions"}],"predecessor-version":[{"id":14727,"href":"https:\/\/www.studiogera.de\/001\/wp-json\/wp\/v2\/posts\/14726\/revisions\/14727"}],"wp:featuredmedia":[{"embeddable":true,"href":"https:\/\/www.studiogera.de\/001\/wp-json\/wp\/v2\/media\/10673"}],"wp:attachment":[{"href":"https:\/\/www.studiogera.de\/001\/wp-json\/wp\/v2\/media?parent=14726"}],"wp:term":[{"taxonomy":"category","embeddable":true,"href":"https:\/\/www.studiogera.de\/001\/wp-json\/wp\/v2\/categories?post=14726"},{"taxonomy":"post_tag","embeddable":true,"href":"https:\/\/www.studiogera.de\/001\/wp-json\/wp\/v2\/tags?post=14726"}],"curies":[{"name":"wp","href":"https:\/\/api.w.org\/{rel}","templated":true}]}}