{"id":14730,"date":"2021-04-06T15:33:11","date_gmt":"2021-04-06T13:33:11","guid":{"rendered":"http:\/\/www.studiogera.de\/001\/?p=14730"},"modified":"2021-04-06T15:33:12","modified_gmt":"2021-04-06T13:33:12","slug":"frau-greift-rettungskraefte-der-feuerwehr-an","status":"publish","type":"post","link":"https:\/\/www.studiogera.de\/001\/2021\/04\/06\/frau-greift-rettungskraefte-der-feuerwehr-an\/","title":{"rendered":"FRAU GREIFT RETTUNGSKR\u00c4FTE DER FEUERWEHR AN"},"content":{"rendered":"\n<p>Die Geraer Polizei hat die Ermittlungen gegen eine 41-j\u00e4hrige Frau eingeleitet, nachdem sie am Donnerstag, den 1. April, drei Rettungskr\u00e4fte angegriffen hatte. Gegen 16.45 Uhr befanden sich die Gesch\u00e4digten im Rahmen eines L\u00f6scheinsatzes mit der Geraer Feuerwehr auf einem Kaufhallen-Parkplatz in der Stra\u00dfe des Friedens. Die hinzukommende 41-J\u00e4hrige griff pl\u00f6tzlich aus noch ungekl\u00e4rter Ursache die drei Rettungskr\u00e4fte k\u00f6rperlich an und verletzte sie. In der Folge musste die Frau fixiert und in ein Krankenhaus gebracht werden. Auch die drei verletzten Rettungskr\u00e4fte wurden medizinisch versorgt. Die Angreiferin erwartet nun ein entsprechendes Ermittlungsverfahren.<\/p>\n","protected":false},"excerpt":{"rendered":"<div class=\"mh-excerpt\"><p>Die Geraer Polizei hat die Ermittlungen gegen eine 41-j\u00e4hrige Frau eingeleitet, nachdem sie am Donnerstag, den 1. April, drei Rettungskr\u00e4fte angegriffen hatte. Gegen 16.45 Uhr befanden sich die Gesch\u00e4digten im Rahmen eines L\u00f6scheinsatzes mit der <a class=\"mh-excerpt-more\" href=\"https:\/\/www.studiogera.de\/001\/2021\/04\/06\/frau-greift-rettungskraefte-der-feuerwehr-an\/\" title=\"FRAU GREIFT RETTUNGSKR\u00c4FTE DER FEUERWEHR AN\">[&#8230;]<\/a><\/p>\n<\/div>","protected":false},"author":3,"featured_media":9541,"comment_status":"open","ping_status":"open","sticky":false,"template":"","format":"standard","meta":{"footnotes":""},"categories":[13],"tags":[],"class_list":{"0":"post-14730","1":"post","2":"type-post","3":"status-publish","4":"format-standard","5":"has-post-thumbnail","7":"category-polizeiberichte"},"_links":{"self":[{"href":"https:\/\/www.studiogera.de\/001\/wp-json\/wp\/v2\/posts\/14730","targetHints":{"allow":["GET"]}}],"collection":[{"href":"https:\/\/www.studiogera.de\/001\/wp-json\/wp\/v2\/posts"}],"about":[{"href":"https:\/\/www.studiogera.de\/001\/wp-json\/wp\/v2\/types\/post"}],"author":[{"embeddable":true,"href":"https:\/\/www.studiogera.de\/001\/wp-json\/wp\/v2\/users\/3"}],"replies":[{"embeddable":true,"href":"https:\/\/www.studiogera.de\/001\/wp-json\/wp\/v2\/comments?post=14730"}],"version-history":[{"count":1,"href":"https:\/\/www.studiogera.de\/001\/wp-json\/wp\/v2\/posts\/14730\/revisions"}],"predecessor-version":[{"id":14731,"href":"https:\/\/www.studiogera.de\/001\/wp-json\/wp\/v2\/posts\/14730\/revisions\/14731"}],"wp:featuredmedia":[{"embeddable":true,"href":"https:\/\/www.studiogera.de\/001\/wp-json\/wp\/v2\/media\/9541"}],"wp:attachment":[{"href":"https:\/\/www.studiogera.de\/001\/wp-json\/wp\/v2\/media?parent=14730"}],"wp:term":[{"taxonomy":"category","embeddable":true,"href":"https:\/\/www.studiogera.de\/001\/wp-json\/wp\/v2\/categories?post=14730"},{"taxonomy":"post_tag","embeddable":true,"href":"https:\/\/www.studiogera.de\/001\/wp-json\/wp\/v2\/tags?post=14730"}],"curies":[{"name":"wp","href":"https:\/\/api.w.org\/{rel}","templated":true}]}}