{"id":14737,"date":"2021-04-06T22:17:08","date_gmt":"2021-04-06T20:17:08","guid":{"rendered":"http:\/\/www.studiogera.de\/001\/?p=14737"},"modified":"2021-04-06T22:17:09","modified_gmt":"2021-04-06T20:17:09","slug":"diebstahl-zweier-simson-mopeds","status":"publish","type":"post","link":"https:\/\/www.studiogera.de\/001\/2021\/04\/06\/diebstahl-zweier-simson-mopeds\/","title":{"rendered":"DIEBSTAHL ZWEIER SIMSON-MOPEDS"},"content":{"rendered":"\n<p>Unbekannte T\u00e4ter trieben \u00fcber das Osterwochenende, den Zeitraum vom 31. M\u00e4rz bis 5. April, ihr Unwesen im Bereich eines Garagenkomplexes in der Zopfstra\u00dfe. Dort \u00f6ffneten sie gewaltsam zwei Garagentore und stahlen in der Folge u. a. zwei Simson-Mopeds in der Farbe blau und rot. Die Geraer Polizei sucht im Zuge der Ermittlungen nach Zeugen, die Hinweise zu den Dieben bzw. dem Verbleib der beiden Simsons geben k\u00f6nnen. Zeugenhinweise werden unter der Rufnummer 0365 8290 entgegengenommen.<\/p>\n","protected":false},"excerpt":{"rendered":"<div class=\"mh-excerpt\"><p>Unbekannte T\u00e4ter trieben \u00fcber das Osterwochenende, den Zeitraum vom 31. M\u00e4rz bis 5. April, ihr Unwesen im Bereich eines Garagenkomplexes in der Zopfstra\u00dfe. Dort \u00f6ffneten sie gewaltsam zwei Garagentore und stahlen in der Folge u. <a class=\"mh-excerpt-more\" href=\"https:\/\/www.studiogera.de\/001\/2021\/04\/06\/diebstahl-zweier-simson-mopeds\/\" title=\"DIEBSTAHL ZWEIER SIMSON-MOPEDS\">[&#8230;]<\/a><\/p>\n<\/div>","protected":false},"author":3,"featured_media":9353,"comment_status":"open","ping_status":"open","sticky":false,"template":"","format":"standard","meta":{"footnotes":""},"categories":[13],"tags":[],"class_list":{"0":"post-14737","1":"post","2":"type-post","3":"status-publish","4":"format-standard","5":"has-post-thumbnail","7":"category-polizeiberichte"},"_links":{"self":[{"href":"https:\/\/www.studiogera.de\/001\/wp-json\/wp\/v2\/posts\/14737","targetHints":{"allow":["GET"]}}],"collection":[{"href":"https:\/\/www.studiogera.de\/001\/wp-json\/wp\/v2\/posts"}],"about":[{"href":"https:\/\/www.studiogera.de\/001\/wp-json\/wp\/v2\/types\/post"}],"author":[{"embeddable":true,"href":"https:\/\/www.studiogera.de\/001\/wp-json\/wp\/v2\/users\/3"}],"replies":[{"embeddable":true,"href":"https:\/\/www.studiogera.de\/001\/wp-json\/wp\/v2\/comments?post=14737"}],"version-history":[{"count":1,"href":"https:\/\/www.studiogera.de\/001\/wp-json\/wp\/v2\/posts\/14737\/revisions"}],"predecessor-version":[{"id":14738,"href":"https:\/\/www.studiogera.de\/001\/wp-json\/wp\/v2\/posts\/14737\/revisions\/14738"}],"wp:featuredmedia":[{"embeddable":true,"href":"https:\/\/www.studiogera.de\/001\/wp-json\/wp\/v2\/media\/9353"}],"wp:attachment":[{"href":"https:\/\/www.studiogera.de\/001\/wp-json\/wp\/v2\/media?parent=14737"}],"wp:term":[{"taxonomy":"category","embeddable":true,"href":"https:\/\/www.studiogera.de\/001\/wp-json\/wp\/v2\/categories?post=14737"},{"taxonomy":"post_tag","embeddable":true,"href":"https:\/\/www.studiogera.de\/001\/wp-json\/wp\/v2\/tags?post=14737"}],"curies":[{"name":"wp","href":"https:\/\/api.w.org\/{rel}","templated":true}]}}