{"id":14740,"date":"2021-04-07T16:40:01","date_gmt":"2021-04-07T14:40:01","guid":{"rendered":"http:\/\/www.studiogera.de\/001\/?p=14740"},"modified":"2021-04-07T16:40:03","modified_gmt":"2021-04-07T14:40:03","slug":"tierpark-bereitet-sich-auf-oeffnung-vor","status":"publish","type":"post","link":"https:\/\/www.studiogera.de\/001\/2021\/04\/07\/tierpark-bereitet-sich-auf-oeffnung-vor\/","title":{"rendered":"TIERPARK BEREITET SICH AUF \u00d6FFNUNG VOR"},"content":{"rendered":"\n<p>Ab 10. April 2021 d\u00fcrfen die Tierparks und Zoos in Th\u00fcringen wieder \u00f6ffnen. Auch der Geraer Tierpark bereitet sich darauf vor. \u201eWir freuen uns endlich wieder G\u00e4ste begr\u00fc\u00dfen zu d\u00fcrfen. Gerade f\u00fcr die Tiere sind die Besucher eine wichtige Abwechslung\u201c, so Tierparkleiter Ulrich Fischer.<\/p>\n\n\n\n<p>Aufgrund der langen Zeit der Schlie\u00dfung rechnet der Tierpark mit einem gro\u00dfen Besucherandrang in den ersten Tagen nach der Wiederer\u00f6ffnung. Da die Sicherheit der Besucher an oberster Stelle steht, wird um Beachtung und Einhaltung der Verhaltensregeln gebeten. Dies gilt insbesondere f\u00fcr die Vermeidung von Gruppenbildungen. Die Kontaktverfolgung wird \u00fcber Formulare an der Kasse gew\u00e4hrleistet.<\/p>\n\n\n\n<p>\u201eTrotz einiger notwendiger Einschr\u00e4nkungen k\u00f6nnen unsere G\u00e4ste alle Tiere sehen und beobachten\u201c, so Tierinspektor Steffen Horn. Mittlerweile freue sich der Tierpark \u00fcber viele Neuzug\u00e4nge: Am 21. Januar 2021 kam eine m\u00e4nnliche Owamboziege zur Welt, gefolgt von drei weiblichen gescheckten Bergschafen im Februar. Die Jungtiere haben noch keinen Namen und freuen sich \u00fcber Vorschl\u00e4ge durch angehende Tierpaten. Der j\u00fcngste Nachwuchs, ein Minishettiehengst, wurde zum Frauentag geboren. \u201eMit seinem Charme hat er die Herzen vieler Geraer im Sturm erobert, so dass er bereits wenige Tage nach seiner Geburt einen Paten gefunden hat. Der hat ihn auf den Namen \u201aArthur vom Th\u00fcringer Waldzoo Gera\u2018 getauft\u201c, erkl\u00e4rt Horn. Zudem haben um die Osterzeit viele Osterk\u00fcken und kleine Osterhasen das Licht der Welt erblickt. Die Trampeltierstute Tami erhielt bereits vor Ostern einen neuen Lebensgef\u00e4hrten \u2013 den Trampeltierwallach Pavel aus dem Tierpark Hamm. Wer hofft das L\u00f6wentrio zu sehen, muss nicht mehr lange warten: \u201eWir erwarten Mufassa, Sari und Mali am Montag, den 12. April 2021\u201c, verr\u00e4t der Tierinspektor.<\/p>\n\n\n\n<p>Dienstags, mittwochs, donnerstags und am Wochenende dampft nun auch wieder die Parkeisenbahn t\u00e4glich von 9.30 Uhr bis 11.30 Uhr und von 13 Uhr bis 17 Uhr durch den Martinsgrund. Die Fahrten beginnen immer zur halben und vollen Stunde vom Bahnhof \u201eWildkatzen\u201c. Der eingeschr\u00e4nkte Fahrdienst ist ein Bestandteil einer durchzuf\u00fchrenden Auflage, welche auch besagt,\u00a0 dass nur jedes zweite Abteil besetzt werden darf.<\/p>\n\n\n\n<p>Von April bis Oktober 2021 ist der Tierpark t\u00e4glich von 9 Uhr bis 18 Uhr ge\u00f6ffnet. Die Einlasszeit endet 17.30 Uhr. Kommentierte F\u00fctterungen, Putz-und Pflegezeiten im Streichelgehege, F\u00fchrungen, Kindergeburtstage und Tiertrekking sind in der derzeitigen Situation nicht m\u00f6glich.<\/p>\n\n\n\n<p>QUELLE: STADTVERWALTUNG<\/p>\n","protected":false},"excerpt":{"rendered":"<div class=\"mh-excerpt\"><p>Ab 10. April 2021 d\u00fcrfen die Tierparks und Zoos in Th\u00fcringen wieder \u00f6ffnen. Auch der Geraer Tierpark bereitet sich darauf vor. \u201eWir freuen uns endlich wieder G\u00e4ste begr\u00fc\u00dfen zu d\u00fcrfen. Gerade f\u00fcr die Tiere sind <a class=\"mh-excerpt-more\" href=\"https:\/\/www.studiogera.de\/001\/2021\/04\/07\/tierpark-bereitet-sich-auf-oeffnung-vor\/\" title=\"TIERPARK BEREITET SICH AUF \u00d6FFNUNG VOR\">[&#8230;]<\/a><\/p>\n<\/div>","protected":false},"author":2,"featured_media":12959,"comment_status":"open","ping_status":"open","sticky":false,"template":"","format":"standard","meta":{"footnotes":""},"categories":[8],"tags":[],"class_list":{"0":"post-14740","1":"post","2":"type-post","3":"status-publish","4":"format-standard","5":"has-post-thumbnail","7":"category-kultur"},"_links":{"self":[{"href":"https:\/\/www.studiogera.de\/001\/wp-json\/wp\/v2\/posts\/14740","targetHints":{"allow":["GET"]}}],"collection":[{"href":"https:\/\/www.studiogera.de\/001\/wp-json\/wp\/v2\/posts"}],"about":[{"href":"https:\/\/www.studiogera.de\/001\/wp-json\/wp\/v2\/types\/post"}],"author":[{"embeddable":true,"href":"https:\/\/www.studiogera.de\/001\/wp-json\/wp\/v2\/users\/2"}],"replies":[{"embeddable":true,"href":"https:\/\/www.studiogera.de\/001\/wp-json\/wp\/v2\/comments?post=14740"}],"version-history":[{"count":1,"href":"https:\/\/www.studiogera.de\/001\/wp-json\/wp\/v2\/posts\/14740\/revisions"}],"predecessor-version":[{"id":14742,"href":"https:\/\/www.studiogera.de\/001\/wp-json\/wp\/v2\/posts\/14740\/revisions\/14742"}],"wp:featuredmedia":[{"embeddable":true,"href":"https:\/\/www.studiogera.de\/001\/wp-json\/wp\/v2\/media\/12959"}],"wp:attachment":[{"href":"https:\/\/www.studiogera.de\/001\/wp-json\/wp\/v2\/media?parent=14740"}],"wp:term":[{"taxonomy":"category","embeddable":true,"href":"https:\/\/www.studiogera.de\/001\/wp-json\/wp\/v2\/categories?post=14740"},{"taxonomy":"post_tag","embeddable":true,"href":"https:\/\/www.studiogera.de\/001\/wp-json\/wp\/v2\/tags?post=14740"}],"curies":[{"name":"wp","href":"https:\/\/api.w.org\/{rel}","templated":true}]}}