{"id":14800,"date":"2021-04-12T12:43:45","date_gmt":"2021-04-12T10:43:45","guid":{"rendered":"http:\/\/www.studiogera.de\/001\/?p=14800"},"modified":"2021-04-12T12:44:41","modified_gmt":"2021-04-12T10:44:41","slug":"weisse-loewen-fuer-den-tierpark","status":"publish","type":"post","link":"https:\/\/www.studiogera.de\/001\/2021\/04\/12\/weisse-loewen-fuer-den-tierpark\/","title":{"rendered":"WEISSE L\u00d6WEN F\u00dcR DEN TIERPARK"},"content":{"rendered":"\n<p>Die wei\u00dfen L\u00f6wen aus Magdeburg, welche k\u00fcnftig im Tierpark leben sollen, werden am 12. April 2021 in Gera eintreffen.<\/p>\n","protected":false},"excerpt":{"rendered":"<div class=\"mh-excerpt\"><p>Die wei\u00dfen L\u00f6wen aus Magdeburg, welche k\u00fcnftig im Tierpark leben sollen, werden am 12. April 2021 in Gera eintreffen.<\/p>\n<\/div>","protected":false},"author":2,"featured_media":1630,"comment_status":"open","ping_status":"open","sticky":false,"template":"","format":"standard","meta":{"footnotes":""},"categories":[16],"tags":[],"class_list":{"0":"post-14800","1":"post","2":"type-post","3":"status-publish","4":"format-standard","5":"has-post-thumbnail","7":"category-kurzmitteilungen"},"_links":{"self":[{"href":"https:\/\/www.studiogera.de\/001\/wp-json\/wp\/v2\/posts\/14800","targetHints":{"allow":["GET"]}}],"collection":[{"href":"https:\/\/www.studiogera.de\/001\/wp-json\/wp\/v2\/posts"}],"about":[{"href":"https:\/\/www.studiogera.de\/001\/wp-json\/wp\/v2\/types\/post"}],"author":[{"embeddable":true,"href":"https:\/\/www.studiogera.de\/001\/wp-json\/wp\/v2\/users\/2"}],"replies":[{"embeddable":true,"href":"https:\/\/www.studiogera.de\/001\/wp-json\/wp\/v2\/comments?post=14800"}],"version-history":[{"count":2,"href":"https:\/\/www.studiogera.de\/001\/wp-json\/wp\/v2\/posts\/14800\/revisions"}],"predecessor-version":[{"id":14803,"href":"https:\/\/www.studiogera.de\/001\/wp-json\/wp\/v2\/posts\/14800\/revisions\/14803"}],"wp:featuredmedia":[{"embeddable":true,"href":"https:\/\/www.studiogera.de\/001\/wp-json\/wp\/v2\/media\/1630"}],"wp:attachment":[{"href":"https:\/\/www.studiogera.de\/001\/wp-json\/wp\/v2\/media?parent=14800"}],"wp:term":[{"taxonomy":"category","embeddable":true,"href":"https:\/\/www.studiogera.de\/001\/wp-json\/wp\/v2\/categories?post=14800"},{"taxonomy":"post_tag","embeddable":true,"href":"https:\/\/www.studiogera.de\/001\/wp-json\/wp\/v2\/tags?post=14800"}],"curies":[{"name":"wp","href":"https:\/\/api.w.org\/{rel}","templated":true}]}}