{"id":14805,"date":"2021-04-13T11:14:59","date_gmt":"2021-04-13T09:14:59","guid":{"rendered":"http:\/\/www.studiogera.de\/001\/?p=14805"},"modified":"2021-04-14T23:52:16","modified_gmt":"2021-04-14T21:52:16","slug":"die-corona-situation-am-13-april-2021","status":"publish","type":"post","link":"https:\/\/www.studiogera.de\/001\/2021\/04\/13\/die-corona-situation-am-13-april-2021\/","title":{"rendered":"DIE CORONA-SITUATION AM 13. APRIL 2021"},"content":{"rendered":"\n<p>Angegeben sind die Werte des RKI, berechnet aus den gez\u00e4hlten positiven Befunden der vergangenen sieben Tage, bezogen auf 100&#8217;000 Einwohner (Sieben-Tage-Wert):<\/p>\n\n\n\n<ul class=\"wp-block-list\"><li>Deutschland: 140,9<\/li><li>Th\u00fcringen: 234,5<\/li><li>Stadtkreis Gera: 321,1<\/li><li>Landkreis Greiz: 464,1<\/li><\/ul>\n\n\n\n<p>Die Verlaufskurve in der Stadt Gera liegt nach einem kleinen Knick \u00fcber die Osterfeiertage seit dem Wochenende wieder \u00fcber der Marke von 300, teilt die Stadtverwaltung mit. Mit Stand 13. April 2021 wurden weitere positive Befunde verzeichnet, wodurch der Sieben-Tage-Wert auf 321,07 angestiegen ist. Auch die Belegung im SRH-Waldklinikum ist nach wie vor hoch. Dort haben momentan 107 der behandelten Patienten ein positives Testergebnis. Davon sind 52 Personen in der Stadt Gera wohnhaft. Von den 107 positiv getesteten Patienten m\u00fcssen 17 intensivmedizinisch behandelt werden.<\/p>\n\n\n\n<p>Seit Ende M\u00e4rz 2021 sind Schulen und Kindertageseinrichtungen in Gera geschlossen. Dennoch gibt es in den Einrichtungen immer wieder F\u00e4lle von positiven Testergebnissen. Es ist jedoch auch ein Trend erkennbar, dass die Zahlen bei Kindern und Jugendlichen leicht r\u00fcckl\u00e4ufig sind. Gegenw\u00e4rtig wird knapp die H\u00e4lfte aller Kindergartenkinder notbetreut; sechs Einrichtungen sind momentan von Positiv-F\u00e4llen betroffen. Gegenw\u00e4rtig befinden sich in Gera 982 Personen in Quarant\u00e4ne.<\/p>\n\n\n\n<p>In allen anderen Altersklassen, vor allem bei Personen ab 21 Jahren, hat sich die Zahl der positiven Testergebnisse im Vergleich zum Zeitpunkt vor vier Wochen zum Teil verdreifacht. \u00dcber die genauen Ursachen kann nach Darstellung der Stadtverwaltung nur spekuliert werden. Sie sieht es jedoch als Tatsache an, dass sich Gera inmitten eines Gebietes befindet, das generell hohe Infektionszahlen aufweist. Verwiesen wird auf den starken Pendlerverkehr und somit auch den regen beruflichen und privaten Austausch zwischen den St\u00e4dten und Landkreisen. Der Oberb\u00fcrgermeister reagierte mit folgenden Worten:<\/p>\n\n\n\n<blockquote class=\"wp-block-quote is-layout-flow wp-block-quote-is-layout-flow\"><p>\u201eDie Pandemie verlangt uns allen viel ab. Meine Hoffnung ist, dass uns endlich die Entscheidungstr\u00e4ger auf Bundes- und Landesebene einen verbindlichen Weg aufzeigen. Das Hin und Her schafft auch auf kommunaler Ebene eine hohe Unzufriedenheit. Nichtsdestotrotz kann jeder von uns durch sein Verhalten selbst dazu beitragen, das Infektionsgeschehen einzud\u00e4mmen. Nur so kann es gelingen, dass wieder mehr Normalit\u00e4t in unseren Alltag zur\u00fcckkehrt.\u201c<\/p><\/blockquote>\n\n\n\n<p>Das RKI wertet alle labordiagnostischen Nachweise von SARS-CoV-2 als Covid-19-F\u00e4lle, unabh\u00e4ngig vom Vorhandensein oder der Auspr\u00e4gung der klinischen Symptomatik. In den meisten F\u00e4llen treten keine Symptome auf, seltener leichte Erk\u00e4ltungszeichen.<\/p>\n\n\n\n<p>In Deutschland hatten am 12. April laut DIVI-Tagesreport 4662 intensivmedizinisch behandelte Patienten ein positives Testergebnis. Vor vier Monaten, am 2. Dezember 2020, waren es 3957 Patienten. Die Gesamtbelegungszahl der ITS-Betten wird mit 20&#8217;503 am 12. April 2021 und 22&#8217;270 am 2. Dezember 2020 angegeben. Erfasst wurden deutschlandweit 1279 bzw. 1287 Krankenhaus-Standorte.<\/p>\n","protected":false},"excerpt":{"rendered":"<div class=\"mh-excerpt\"><p>Angegeben sind die Werte des RKI, berechnet aus den gez\u00e4hlten positiven Befunden der vergangenen sieben Tage, bezogen auf 100&#8217;000 Einwohner (Sieben-Tage-Wert): Deutschland: 140,9 Th\u00fcringen: 234,5 Stadtkreis Gera: 321,1 Landkreis Greiz: 464,1 Die Verlaufskurve in der <a class=\"mh-excerpt-more\" href=\"https:\/\/www.studiogera.de\/001\/2021\/04\/13\/die-corona-situation-am-13-april-2021\/\" title=\"DIE CORONA-SITUATION AM 13. APRIL 2021\">[&#8230;]<\/a><\/p>\n<\/div>","protected":false},"author":2,"featured_media":14677,"comment_status":"open","ping_status":"open","sticky":false,"template":"","format":"standard","meta":{"footnotes":""},"categories":[16],"tags":[],"class_list":{"0":"post-14805","1":"post","2":"type-post","3":"status-publish","4":"format-standard","5":"has-post-thumbnail","7":"category-kurzmitteilungen"},"_links":{"self":[{"href":"https:\/\/www.studiogera.de\/001\/wp-json\/wp\/v2\/posts\/14805","targetHints":{"allow":["GET"]}}],"collection":[{"href":"https:\/\/www.studiogera.de\/001\/wp-json\/wp\/v2\/posts"}],"about":[{"href":"https:\/\/www.studiogera.de\/001\/wp-json\/wp\/v2\/types\/post"}],"author":[{"embeddable":true,"href":"https:\/\/www.studiogera.de\/001\/wp-json\/wp\/v2\/users\/2"}],"replies":[{"embeddable":true,"href":"https:\/\/www.studiogera.de\/001\/wp-json\/wp\/v2\/comments?post=14805"}],"version-history":[{"count":2,"href":"https:\/\/www.studiogera.de\/001\/wp-json\/wp\/v2\/posts\/14805\/revisions"}],"predecessor-version":[{"id":14825,"href":"https:\/\/www.studiogera.de\/001\/wp-json\/wp\/v2\/posts\/14805\/revisions\/14825"}],"wp:featuredmedia":[{"embeddable":true,"href":"https:\/\/www.studiogera.de\/001\/wp-json\/wp\/v2\/media\/14677"}],"wp:attachment":[{"href":"https:\/\/www.studiogera.de\/001\/wp-json\/wp\/v2\/media?parent=14805"}],"wp:term":[{"taxonomy":"category","embeddable":true,"href":"https:\/\/www.studiogera.de\/001\/wp-json\/wp\/v2\/categories?post=14805"},{"taxonomy":"post_tag","embeddable":true,"href":"https:\/\/www.studiogera.de\/001\/wp-json\/wp\/v2\/tags?post=14805"}],"curies":[{"name":"wp","href":"https:\/\/api.w.org\/{rel}","templated":true}]}}