{"id":14807,"date":"2021-04-13T12:16:03","date_gmt":"2021-04-13T10:16:03","guid":{"rendered":"http:\/\/www.studiogera.de\/001\/?p=14807"},"modified":"2021-04-13T12:16:05","modified_gmt":"2021-04-13T10:16:05","slug":"bundesregierung-beabsichtigt-weitreichende-eingriffe","status":"publish","type":"post","link":"https:\/\/www.studiogera.de\/001\/2021\/04\/13\/bundesregierung-beabsichtigt-weitreichende-eingriffe\/","title":{"rendered":"BUNDESREGIERUNG BEABSICHTIGT WEITREICHENDE EINGRIFFE"},"content":{"rendered":"\n<p>Die Gesetzesvorlage zur \u00c4nderung des Infektionsschutzgesetzes stand am Vormittag des 13. April 2021 auf der Tagesordnung des Bundeskabinetts. Nach Beratungen billigte es sowohl den Entwurf als auch eine Verordnung, die Firmen verpflichtet, ihren Besch\u00e4ftigten im Pr\u00e4senz-Dienst Testangebote zu unterbreiten.<\/p>\n\n\n\n<p>Die Bundesregierung plant die \u00c4nderung des Infektionsschutzgesetzes, um einheitliche, deutschlandweite Einschr\u00e4nkungen und Ma\u00dfnahmen bestimmen zu k\u00f6nnen, in Abh\u00e4ngigkeit von sogenannten Inzidenzwerten, die aus positiven Testergebnissen berechnet werden. Dadurch best\u00fcnde auch die M\u00f6glichkeit, noch st\u00e4rker in private Lebensbereiche einzugreifen. Wichtigste Bezugsgr\u00f6\u00dfe f\u00fcr die meisten Beschr\u00e4nkungen soll nun die Zahl 100 sein. Bislang sind die L\u00e4nder f\u00fcr den Gesundheitsschutz in Deutschland zust\u00e4ndig. Bei Inkrafttreten des Gesetzes\u00e4nderung w\u00fcrden sie ihre Kompetenzen an den Bund abgeben.<\/p>\n\n\n\n<p>Das Gesetz soll im Eilverfahren zur G\u00fcltigkeit gebracht werden. Im Parlament ist hierf\u00fcr eine Zwei-Drittel-Mehrheit n\u00f6tig. Die Oppositionsparteien AFD, Linkspartei und FDP signalisieren allerdings Ablehnung. Sie kritisieren vor allem die Ausgangssperre. Die AFD fordert ein generelles Ende der Restriktionen. Katrin\u00a0G\u00f6ring-Eckardt, B\u00fcndnis 90\/Die Gr\u00fcnen, sagte in einer ersten Stellungnahme am 13. April 2021 um 12.08 Uhr, dass die \u00c4nderungen nicht ausreichten, um einen Wellenbrecher-Effekt zu erzeugen.<\/p>\n\n\n\n<p>Ob auch der Bundesrat zustimmen muss, h\u00e4ngt von der Ausgestaltung des \u00c4nderungsentwurfes ab.<\/p>\n","protected":false},"excerpt":{"rendered":"<div class=\"mh-excerpt\"><p>Die Gesetzesvorlage zur \u00c4nderung des Infektionsschutzgesetzes stand am Vormittag des 13. April 2021 auf der Tagesordnung des Bundeskabinetts. Nach Beratungen billigte es sowohl den Entwurf als auch eine Verordnung, die Firmen verpflichtet, ihren Besch\u00e4ftigten im <a class=\"mh-excerpt-more\" href=\"https:\/\/www.studiogera.de\/001\/2021\/04\/13\/bundesregierung-beabsichtigt-weitreichende-eingriffe\/\" title=\"BUNDESREGIERUNG BEABSICHTIGT WEITREICHENDE EINGRIFFE\">[&#8230;]<\/a><\/p>\n<\/div>","protected":false},"author":2,"featured_media":9859,"comment_status":"open","ping_status":"open","sticky":false,"template":"","format":"standard","meta":{"footnotes":""},"categories":[2],"tags":[],"class_list":{"0":"post-14807","1":"post","2":"type-post","3":"status-publish","4":"format-standard","5":"has-post-thumbnail","7":"category-weltweit"},"_links":{"self":[{"href":"https:\/\/www.studiogera.de\/001\/wp-json\/wp\/v2\/posts\/14807","targetHints":{"allow":["GET"]}}],"collection":[{"href":"https:\/\/www.studiogera.de\/001\/wp-json\/wp\/v2\/posts"}],"about":[{"href":"https:\/\/www.studiogera.de\/001\/wp-json\/wp\/v2\/types\/post"}],"author":[{"embeddable":true,"href":"https:\/\/www.studiogera.de\/001\/wp-json\/wp\/v2\/users\/2"}],"replies":[{"embeddable":true,"href":"https:\/\/www.studiogera.de\/001\/wp-json\/wp\/v2\/comments?post=14807"}],"version-history":[{"count":2,"href":"https:\/\/www.studiogera.de\/001\/wp-json\/wp\/v2\/posts\/14807\/revisions"}],"predecessor-version":[{"id":14809,"href":"https:\/\/www.studiogera.de\/001\/wp-json\/wp\/v2\/posts\/14807\/revisions\/14809"}],"wp:featuredmedia":[{"embeddable":true,"href":"https:\/\/www.studiogera.de\/001\/wp-json\/wp\/v2\/media\/9859"}],"wp:attachment":[{"href":"https:\/\/www.studiogera.de\/001\/wp-json\/wp\/v2\/media?parent=14807"}],"wp:term":[{"taxonomy":"category","embeddable":true,"href":"https:\/\/www.studiogera.de\/001\/wp-json\/wp\/v2\/categories?post=14807"},{"taxonomy":"post_tag","embeddable":true,"href":"https:\/\/www.studiogera.de\/001\/wp-json\/wp\/v2\/tags?post=14807"}],"curies":[{"name":"wp","href":"https:\/\/api.w.org\/{rel}","templated":true}]}}