{"id":14812,"date":"2021-04-14T18:27:40","date_gmt":"2021-04-14T16:27:40","guid":{"rendered":"http:\/\/www.studiogera.de\/001\/?p=14812"},"modified":"2021-04-14T18:27:41","modified_gmt":"2021-04-14T16:27:41","slug":"gaertnermarkttage-und-lesefestival-abgesagt","status":"publish","type":"post","link":"https:\/\/www.studiogera.de\/001\/2021\/04\/14\/gaertnermarkttage-und-lesefestival-abgesagt\/","title":{"rendered":"G\u00c4RTNERMARKTTAGE UND LESEFESTIVAL ABGESAGT"},"content":{"rendered":"\n<p>Aufgrund der derzeitigen Corona-Situation und der angespannten Lage in Frankreich mit sehr aufwendigen Reiseauflagen, haben die H\u00e4ndler aus Frankreich ihren Besuch in Gera abgesagt. Somit wird der Franz\u00f6sische Gourmetmarkt im April nicht stattfinden. Ebenso werden die G\u00e4rtnermarkttage vom 5. bis 8. Mai 2021 abgesagt. Der Wochenmarkt wird an diesen Tagen weiterhin durchgef\u00fchrt. \u00dcber die Durchf\u00fchrung des T\u00f6pfermarktes Ende Mai wird gesondert entschieden.<\/p>\n\n\n\n<p>Das internationale Lesefestival \u201eStadtlesen\u201c sollte vom 6. bis 9. Mai 2021 erstmals in der Geraer Innenstadt gastieren. Aufgrund der derzeitigen Corona-Entwicklung haben die Organisatoren sich nun dazu entschlossen, die Veranstaltung abzusagen:<\/p>\n\n\n\n<p>\u201eWir haben uns die Entscheidung nicht leicht gemacht. Die Vorfreude auf ein gr\u00f6\u00dferes kulturelles Angebot nach einer langen Durststrecke wuchs. Die Vorbereitungen waren so gut wie abgeschlossen und das Programm an allen vier Tagen bereits ausgeplant, weil sich so viele Akteure bei uns gemeldet haben, um das Lesefestival mit ihrem Beitrag zu bereichern\u201c, erl\u00e4utert Rainer Schmidt, Leiter der Regional- und Stadtbibliothek Gera.<\/p>\n\n\n\n<p>Gera hatte sich bereits 2020 anl\u00e4sslich des einhundertj\u00e4hrigen Bibliotheks-Jubil\u00e4ums f\u00fcr die Stadtlesen-Tour beworben. Die Veranstaltung wurde wegen der Corona-Situation auf das Jahr 2021 verschoben. \u00dcberregionaler Initiator und Veranstalter der Stadtlesen-Tour ist die Innovationswerkstatt Salzburg. Die Schirmherrschaft f\u00fcr die Geraer Veranstaltung hatte Oberb\u00fcrgermeister Julian Vonarb \u00fcbernommen.<\/p>\n\n\n\n<p>Die Stadt bewirbt sich nun ein weiteres Mal als Stadtlesen-Stadt und bittet um Mithilfe der B\u00fcrger:<\/p>\n\n\n\n<p>\u201eDas Besondere am Stadtlesen ist, dass die B\u00fcrger durch ihr Votum abstimmen, in welchen St\u00e4dten die StadtlesenTour Halt macht. Stimmen Sie unter \u201ewww.stadtlesen.com\/nominierungen\/\u201c f\u00fcr Gera als Standort 2022. Wir sind \u00fcberzeugt davon, dass unsere Innenstadt von dieser wunderbaren Veranstaltung nur profitieren kann und Sie als B\u00fcrger ein einmaliges Event erleben\u201c.<\/p>\n\n\n\n<p>Das Lesefestival verwandelt j\u00e4hrlich die sch\u00f6nsten Pl\u00e4tze von 28 ausgew\u00e4hlten St\u00e4dten in Deutschland, \u00d6sterreich und der Schweiz f\u00fcr vier Tage in ein Lesewohnzimmer. Bei freiem Eintritt kann aus \u00fcber 3000 B\u00fcchern aktueller Verlagsangebote ausgew\u00e4hlt und die Lekt\u00fcre in gem\u00fctlicher Atmosph\u00e4re in Lesem\u00f6beln genossen werden. Auf einer Leseb\u00fchne rezitieren regionale und \u00fcberregionale Schriftstellerinnen und Schriftsteller aus ihren Werken. Verlage informieren \u00fcber ihre Angebote, Vereine stellen sich vor. Autogrammstunden und Literaturgespr\u00e4che runden das abwechslungsreiche Programm ab.<\/p>\n\n\n\n<p>QUELLE: STADTVERWALTUNG<\/p>\n","protected":false},"excerpt":{"rendered":"<div class=\"mh-excerpt\"><p>Aufgrund der derzeitigen Corona-Situation und der angespannten Lage in Frankreich mit sehr aufwendigen Reiseauflagen, haben die H\u00e4ndler aus Frankreich ihren Besuch in Gera abgesagt. Somit wird der Franz\u00f6sische Gourmetmarkt im April nicht stattfinden. Ebenso werden <a class=\"mh-excerpt-more\" href=\"https:\/\/www.studiogera.de\/001\/2021\/04\/14\/gaertnermarkttage-und-lesefestival-abgesagt\/\" title=\"G\u00c4RTNERMARKTTAGE UND LESEFESTIVAL ABGESAGT\">[&#8230;]<\/a><\/p>\n<\/div>","protected":false},"author":2,"featured_media":12363,"comment_status":"open","ping_status":"open","sticky":false,"template":"","format":"standard","meta":{"footnotes":""},"categories":[8],"tags":[],"class_list":{"0":"post-14812","1":"post","2":"type-post","3":"status-publish","4":"format-standard","5":"has-post-thumbnail","7":"category-kultur"},"_links":{"self":[{"href":"https:\/\/www.studiogera.de\/001\/wp-json\/wp\/v2\/posts\/14812","targetHints":{"allow":["GET"]}}],"collection":[{"href":"https:\/\/www.studiogera.de\/001\/wp-json\/wp\/v2\/posts"}],"about":[{"href":"https:\/\/www.studiogera.de\/001\/wp-json\/wp\/v2\/types\/post"}],"author":[{"embeddable":true,"href":"https:\/\/www.studiogera.de\/001\/wp-json\/wp\/v2\/users\/2"}],"replies":[{"embeddable":true,"href":"https:\/\/www.studiogera.de\/001\/wp-json\/wp\/v2\/comments?post=14812"}],"version-history":[{"count":1,"href":"https:\/\/www.studiogera.de\/001\/wp-json\/wp\/v2\/posts\/14812\/revisions"}],"predecessor-version":[{"id":14813,"href":"https:\/\/www.studiogera.de\/001\/wp-json\/wp\/v2\/posts\/14812\/revisions\/14813"}],"wp:featuredmedia":[{"embeddable":true,"href":"https:\/\/www.studiogera.de\/001\/wp-json\/wp\/v2\/media\/12363"}],"wp:attachment":[{"href":"https:\/\/www.studiogera.de\/001\/wp-json\/wp\/v2\/media?parent=14812"}],"wp:term":[{"taxonomy":"category","embeddable":true,"href":"https:\/\/www.studiogera.de\/001\/wp-json\/wp\/v2\/categories?post=14812"},{"taxonomy":"post_tag","embeddable":true,"href":"https:\/\/www.studiogera.de\/001\/wp-json\/wp\/v2\/tags?post=14812"}],"curies":[{"name":"wp","href":"https:\/\/api.w.org\/{rel}","templated":true}]}}