{"id":14814,"date":"2021-04-14T18:58:21","date_gmt":"2021-04-14T16:58:21","guid":{"rendered":"http:\/\/www.studiogera.de\/001\/?p=14814"},"modified":"2021-04-14T18:58:22","modified_gmt":"2021-04-14T16:58:22","slug":"weisse-loewen-im-tierpark-eingetroffen","status":"publish","type":"post","link":"https:\/\/www.studiogera.de\/001\/2021\/04\/14\/weisse-loewen-im-tierpark-eingetroffen\/","title":{"rendered":"WEISSE L\u00d6WEN IM TIERPARK EINGETROFFEN"},"content":{"rendered":"\n<p>Die Geschwister Mufassa, Sari und Mali aus dem Zoologischen Garten Magdeburg bezogen am 12. April 2021 ihr neues Gehege in Gera. Das 700 Quadratmeter gro\u00dfe naturnahe Areal wurde zuvor in Teilen umgebaut und saniert. Neben beheizten Sitz- und Ruhepl\u00e4tzen hat es auch neue Kratz-, Spiel- und Kletterelemente erhalten.<\/p>\n\n\n\n<p>Das L\u00f6wenm\u00e4nnchen und seine beiden Schwestern kamen am 19. November 2019 in Magdeburger Zoo zur Welt und sind eine Rarit\u00e4t: Denn im Unterschied zu ihren braunen Artgenossen bestechen sie durch ein wei\u00df- bis cremefarbenes, helles Fell. Wei\u00dfe L\u00f6wen z\u00e4hlen zu einer sehr selten vorkommenden Variation des afrikanischen L\u00f6wen. Ihre auff\u00e4llige Farbmutation ist genetisch bedingt und kein Albinismus. In freier Wildbahn leben nur noch sehr wenige wei\u00dfe L\u00f6wen im S\u00fcden Afrikas. \u201eWir sind stolz auf unsere neuen Mitbewohner und tun alles daf\u00fcr, dass sie sich bei uns schnell eingew\u00f6hnen und rundum wohlf\u00fchlen\u201c, so Tierparkleiter Ulrich Fischer. Ein gro\u00dfer Vorteil sei demnach, dass das Rudel im Geraer Tierpark zusammenbleiben kann und eine m\u00fchevolle Gew\u00f6hnung an andere, fremde Artgenossen nicht notwendig ist.<\/p>\n\n\n\n<p>In den n\u00e4chsten Tagen geht es Tierinspektor Steffen Horn zufolge vor allem darum, dass die drei L\u00f6wen in Ruhe im neuen Heim ankommen und es entdecken k\u00f6nnen: \u201eUm die Tiere und das Gehege k\u00fcmmern sich in Zukunft drei feste Pfleger. Morgens wird im Regelfall das Gehege begangen, um zu kontrollieren, ob noch alles sicher ist. Dar\u00fcber hinaus muss die Anlage ges\u00e4ubert werden. Damit die Tiere sinnvoll besch\u00e4ftigt werden, wird die t\u00e4gliche F\u00fctterung auch durch gezieltes Training erg\u00e4nzt, etwa indem das Futter versteckt wird. Dabei ist es sehr wichtig, dass die Pfleger nach und nach eine Beziehung zu den Raubkatzen aufbauen. Das beginnt damit, dass sie die unterschiedlichen Charaktere der Drei genau kennenlernen.\u201c Demnach sei es ein gro\u00dfes Ziel, durch gezieltes Training der L\u00f6wen den reibungslosen Ablauf wichtiger Vorg\u00e4nge wie Reinigung und F\u00fctterung zuk\u00fcnftig sicherzustellen.<\/p>\n\n\n\n<p>Die Stadt Gera hat sich f\u00fcr ihr Wappentier in den n\u00e4chsten drei bis f\u00fcnf Jahren viel vorgenommen: So soll der Innen- und Au\u00dfenbereich des angrenzenden Leopardengeheges nach dem Ableben der fast 18-j\u00e4hrigen Orpha den L\u00f6wen zus\u00e4tzlich zur Verf\u00fcgung stehen. Zuvor sind aber auch hier wichtige Modernisierungsarbeiten geplant. Laut Umweltamtsleiter Konrad Nickschick werde in diesem Zusammenhang auch die M\u00f6glichkeit gepr\u00fcft, die Tiere statt im K\u00e4fig zuk\u00fcnftig hinter Glas zu halten und den Besuchern so ein unvergessliches Tiererlebnis zu bieten. F\u00fcr die langfristigen Sanierungs- und Umbauma\u00dfnahmen des Raubtierareals im Geraer Tierpark sind im st\u00e4dtischen Haushaltsplan allein f\u00fcr das Jahr 2023 Eigenmittel in H\u00f6he von 100&#8217;000 Euro vorgesehen. Gleichzeitig freue man sich \u00fcber die Unterst\u00fctzung vieler Geraer. \u201eUnmittelbar nachdem bekannt wurde, dass der Geraer Tierpark drei L\u00f6wen aufnimmt, erreichten uns eine gro\u00dfe Anzahl von Nachfragen der Menschen, die uns unterst\u00fctzen wollen, ob durch Geldspenden oder Tierpatenschaften. Bisher gingen bei uns Spendengelder in H\u00f6he von 32.000 Euro ein. Daf\u00fcr wollen wir uns an dieser Stelle herzlich bedanken\u201c, so Tierinspektor Steffen Horn.<\/p>\n\n\n\n<p>Das junge L\u00f6wentrio ist nicht der erste Neuzuwachs im Geraer Tierpark in diesem Jahr. Am 21. Januar 2021 kam eine m\u00e4nnliche Owamboziege zur Welt, gefolgt von drei weiblichen gescheckten Bergschafen im Februar. Die Jungtiere haben noch keinen Namen und freuen sich \u00fcber Vorschl\u00e4ge durch angehende Tierpaten. Der j\u00fcngste Nachwuchs, ein Minishettiehengst, wurde zum Frauentag geboren. \u201eMit seinem Charme hat er die Herzen vieler Geraer im Sturm erobert, so dass er bereits wenige Tage nach seiner Geburt einen Paten gefunden hat. Der hat ihn auf den Namen \u201aArthur vom Th\u00fcringer Waldzoo Gera\u2018 getauft\u201c, so Tierinspektor Horn. Zudem haben um die Osterzeit viele Osterk\u00fcken und kleine Osterhasen das Licht der Welt erblickt. Die Trampeltierstute Tami erhielt bereits vor Ostern einen neuen Lebensgef\u00e4hrten \u2014 den Trampeltierwallach Pavel aus dem Tierpark Hamm.<\/p>\n\n\n\n<p>Der lange angek\u00fcndigte Umzug der drei wei\u00dfen L\u00f6wen vom Zoologischen Garten Magdeburg in den Geraer Tierpark hatte sich in Folge einer notwendig gewordenen Zahnbehandlung des L\u00f6wenm\u00e4nnchens Mufassa und einer weiteren Routineuntersuchung der Tiere auf Infektionen durch Endoparasiten verz\u00f6gert. Der zeitliche Aufschub gab dem Geraer Tierpark die M\u00f6glichkeit, die Umbau- und Sanierungsarbeiten im Gehege in Ruhe abzuschlie\u00dfen und nachtr\u00e4gliche Gestaltungsideen f\u00fcr ein entspanntes Ankommen des Trios umzusetzen. Zeitgleich dazu bereitete auch der Zoologische Garten Magdeburg den Umzug durch wiederholtes Kistentraining sorgf\u00e4ltig vor.<\/p>\n\n\n\n<p>Aufgrund der \u201eTh\u00fcringer Verordnung zur Fortschreibung und Versch\u00e4rfung au\u00dferordentlicher Sonderma\u00dfnahmen zur Eind\u00e4mmung einer sprunghaften Ausbreitung des Coronavirus SARS-CoV-2\u201c blieb der Geraer Tierpark bis zum 9. April f\u00fcr den Publikumsverkehr geschlossen und konnte erst am vergangenen Wochenende wieder seinen Betrieb aufnehmen. Jahreskarten, Gutscheine oder Tageseintrittskarten k\u00f6nnen jederzeit unter \u201ewaldzoo@gera.de\u201c und eingeschr\u00e4nkt auch telefonisch unter 0365 810127 bestellt werden. Der Eingang des Tierparks an der Bundesstra\u00dfe 2 gegen\u00fcber dem SRH Waldklinikum Gera ist montags bis freitags zwischen 9 Uhr und 15.30 Uhr besetzt.<\/p>\n\n\n\n<p>QUELLE: STADTVERWALTUNG<\/p>\n","protected":false},"excerpt":{"rendered":"<div class=\"mh-excerpt\"><p>Die Geschwister Mufassa, Sari und Mali aus dem Zoologischen Garten Magdeburg bezogen am 12. April 2021 ihr neues Gehege in Gera. Das 700 Quadratmeter gro\u00dfe naturnahe Areal wurde zuvor in Teilen umgebaut und saniert. Neben <a class=\"mh-excerpt-more\" href=\"https:\/\/www.studiogera.de\/001\/2021\/04\/14\/weisse-loewen-im-tierpark-eingetroffen\/\" title=\"WEISSE L\u00d6WEN IM TIERPARK EINGETROFFEN\">[&#8230;]<\/a><\/p>\n<\/div>","protected":false},"author":2,"featured_media":14815,"comment_status":"open","ping_status":"open","sticky":false,"template":"","format":"standard","meta":{"footnotes":""},"categories":[8],"tags":[],"class_list":{"0":"post-14814","1":"post","2":"type-post","3":"status-publish","4":"format-standard","5":"has-post-thumbnail","7":"category-kultur"},"_links":{"self":[{"href":"https:\/\/www.studiogera.de\/001\/wp-json\/wp\/v2\/posts\/14814","targetHints":{"allow":["GET"]}}],"collection":[{"href":"https:\/\/www.studiogera.de\/001\/wp-json\/wp\/v2\/posts"}],"about":[{"href":"https:\/\/www.studiogera.de\/001\/wp-json\/wp\/v2\/types\/post"}],"author":[{"embeddable":true,"href":"https:\/\/www.studiogera.de\/001\/wp-json\/wp\/v2\/users\/2"}],"replies":[{"embeddable":true,"href":"https:\/\/www.studiogera.de\/001\/wp-json\/wp\/v2\/comments?post=14814"}],"version-history":[{"count":1,"href":"https:\/\/www.studiogera.de\/001\/wp-json\/wp\/v2\/posts\/14814\/revisions"}],"predecessor-version":[{"id":14816,"href":"https:\/\/www.studiogera.de\/001\/wp-json\/wp\/v2\/posts\/14814\/revisions\/14816"}],"wp:featuredmedia":[{"embeddable":true,"href":"https:\/\/www.studiogera.de\/001\/wp-json\/wp\/v2\/media\/14815"}],"wp:attachment":[{"href":"https:\/\/www.studiogera.de\/001\/wp-json\/wp\/v2\/media?parent=14814"}],"wp:term":[{"taxonomy":"category","embeddable":true,"href":"https:\/\/www.studiogera.de\/001\/wp-json\/wp\/v2\/categories?post=14814"},{"taxonomy":"post_tag","embeddable":true,"href":"https:\/\/www.studiogera.de\/001\/wp-json\/wp\/v2\/tags?post=14814"}],"curies":[{"name":"wp","href":"https:\/\/api.w.org\/{rel}","templated":true}]}}