{"id":14817,"date":"2021-04-14T19:08:02","date_gmt":"2021-04-14T17:08:02","guid":{"rendered":"http:\/\/www.studiogera.de\/001\/?p=14817"},"modified":"2021-04-14T19:14:36","modified_gmt":"2021-04-14T17:14:36","slug":"buergerdialog-zur-foerderung-der-wirtschaft-in-gera","status":"publish","type":"post","link":"https:\/\/www.studiogera.de\/001\/2021\/04\/14\/buergerdialog-zur-foerderung-der-wirtschaft-in-gera\/","title":{"rendered":"B\u00dcRGERDIALOG ZUR F\u00d6RDERUNG DER WIRTSCHAFT IN GERA"},"content":{"rendered":"\n<p>Am Mittwoch, den 21. April 2021, findet ab 18 Uhr die n\u00e4chste digitale B\u00fcrgersprechstunde mit Oberb\u00fcrgermeister Julian Vonarb statt \u2014 diesmal unter der \u00dcberschrift \u201eWirtschaftsf\u00f6rderung\u201c. Der erste B\u00fcrgerdialog am 10. M\u00e4rz fand bei den B\u00fcrgern hohen Zuspruch. Rund 200 Fragen kamen w\u00e4hrend der eineinhalbst\u00fcndigen Auftaktveranstaltung zusammen. Das Themenspektrum reichte vom Geraer Winterdienst und der st\u00e4dtischen M\u00fcllabfuhr \u00fcber die aktuelle Pandemie-Lage und den digitalen Schulunterricht bis hin zum Amtsblatt und zur Innenstadtentwicklung. \u201eDas zeigt das gro\u00dfe Interesse der Menschen am Austausch \u00fcber die aktuellen Fragen in unserer Stadt. Es freut mich, dass unser Kommunikationsangebot bereits zum Auftakt so gut angenommen wurde. Nun m\u00f6chte ich mehr in die Tiefe gehen und den ersten Themenschwerpunkt setzen\u201c, so Oberb\u00fcrgermeister Vonarb.<\/p>\n\n\n\n<p>Kernthema der n\u00e4chsten B\u00fcrgersprechstunde ist die Weiterentwicklung des Wirtschaftsstandortes Gera. In diesem Zusammenhang werden die Chancen und Herausforderungen neuer Ansiedlungen f\u00fcr die Stadt dargelegt und transparent gemacht. Handlungsbestimmendes Ziel der Wirtschaftsf\u00f6rderung ist es, mittlere und gr\u00f6\u00dfere Betriebsstrukturen durch Unternehmensakquise in Gera zukunftssicher zu entwickeln. \u201eInvestoren und Unternehmen, die sich f\u00fcr den Wirtschaftsstandort Gera interessieren oder sich in der Stadt neuorientieren m\u00f6chten, m\u00fcssen unsere Unterst\u00fctzung finden. Im Dialog mit interessierten Firmen geht es daher in einem ersten Schritt darum zu verstehen, welcher Bedarf besteht, um dann darauf abgestimmte L\u00f6sungen zu bieten und entsprechenden Rahmenbedingungen zu schaffen. Dabei wissen viele Menschen nicht: Verf\u00fcgbare Gewerbefl\u00e4chen in Gera sind mittlerweile knapp. Umso wichtiger ist es, durch flexibles Handeln und durchdachte Ma\u00dfnahmen ernsthafte Perspektiven zu bieten. Damit verbunden ist das Ziel, neue und vielf\u00e4ltige hochqualifizierte Arbeitspl\u00e4tze auch au\u00dferhalb des Dienstleistungssektors zu schaffen. Soziale Stabilisierung, st\u00e4dtebaulicher Fortschritt und allgemeiner Wohlstand in und f\u00fcr Gera sind unabdingbar damit verbunden.\u201c<\/p>\n\n\n\n<p>Im Mittelpunkt der Diskussionen wird daher neben aktuellen Projekten wie dem derzeit im Bau befindlichen Logistikzentrum von Amazon und dem geplanten M\u00f6belzentrum von \u201eXXL Lutz\u201c die Entwicklung zuk\u00fcnftiger Gewerbefl\u00e4chen wie etwa am \u201eBieblacher Berg\u201c stehen.<\/p>\n\n\n\n<p>\u201eDie Ansiedlung eines struktur- und imagepr\u00e4genden Unternehmens des produzierenden Gewerbes in diesem Areal und die Schaffung von entsprechenden Arbeitspl\u00e4tzen ist nicht zuletzt mit der Erwartung verbunden, dass sich Bieblach mittelfristig zu einem wieder anerkannten Wohn- und Arbeitsstandort sowohl in sozialer als auch wirtschaftlicher Hinsicht entwickelt\u201c, so Dr. Tobias Werner, Abteilungsleiter Wirtschaftsf\u00f6rderung und Statistik im Amt f\u00fcr Zentrale Steuerung der Stadt Gera.<\/p>\n\n\n\n<p>F\u00fcr den Standort \u201eBieblacher Berg\u201c als perspektivische Gewerbefl\u00e4che spricht aus Sicht der Stadtverwaltung eine Reihe wichtiger Faktoren:<\/p>\n\n\n\n<ul class=\"wp-block-list\"><li>die r\u00e4umliche N\u00e4he zum Wohngebiet Bieblach mit potenziellen und lokal ans\u00e4ssigen Arbeitskr\u00e4ften<\/li><li>die tats\u00e4chlich verf\u00fcgbare M\u00f6glichkeit, in r\u00e4umlicher N\u00e4he zum Standort g\u00fcnstigen Wohnraum zu beziehen<\/li><li>die vorhandene Erschlie\u00dfungsqualit\u00e4t des \u00f6ffentlichen Personennahverkehrs mit den Verbindungen in das Stadtzentrum und in die Fl\u00e4che des Stadtgebietes<\/li><li>die logistisch vorteilhafte Lage zum \u00fcbergeordneten Verkehrsnetz (Autobahn und Bundesstra\u00dfen) am Siedlungsk\u00f6rper ohne Stadtdurchfahrt<\/li><li>die Gesamtgr\u00f6\u00dfe der Fl\u00e4che von bis zu 20 ha, die einmalig ist f\u00fcr die stadtnahe Lage in Gera<\/li><\/ul>\n\n\n\n<p>\u201eTrotz der exzellenten Lagequalit\u00e4t ist der Standort als Gewerbegebiet nicht unumstritten und bedarf vielf\u00e4ltiger Untersuchungen und Vorbereitungsleistungen \u2013 Grund f\u00fcr mich hier aktive Aufkl\u00e4rung zu leisten\u201c, betont Oberb\u00fcrgermeister Vonarb in diesem Zusammenhang. Das betrifft auch den generellen Ablauf des Planverfahrens. Gegenw\u00e4rtig finden im Areal \u201eBieblacher Berg\u201c geologische Untersuchungen, Vermessungsleistungen und Betrachtungen im Bereich Arten- und Naturschutz statt, um die Eingriffe in das vorhandene \u00d6kosystem zu pr\u00fcfen und vertr\u00e4glich zu gestalten. Parallel dazu werden verschiedene planerische Ans\u00e4tze betrachtet und konkrete L\u00f6sungen entwickelt, wie die k\u00fcnftige gewerbliche Nutzung optimal mit der umgebenden Wohnnutzung in Einklang gebracht werden kann, insbesondere unter Beachtung von Immissionsschutzbelangen. \u201eIm Rahmen des Bauleitverfahrens m\u00fcssen die \u00f6kologischen Aspekte im Bestand und die Gr\u00fcnvernetzung beider Teile Bieblachs genauso ber\u00fccksichtigt werden wie die Tatsache, dass es sich bei der Fl\u00e4che um einen optisch und funktionell pr\u00e4senten Teil Bieblachs in unmittelbarer N\u00e4he zum nachbarschaftlichen Wohnen handelt, der an das st\u00e4dtebauliche Erscheinungsbild h\u00f6here Anspr\u00fcche stellt, als ein durchschnittliches Gewerbegebiet\u201c, so Michael Sonntag, Leiter des Dezernates f\u00fcr Stadtentwicklung, Bau und Umwelt zum derzeitigen Arbeitsstand.<\/p>\n\n\n\n<p>In der n\u00e4chsten Stadtratssitzung am 16. Juni 2021 soll mit der Abstimmung \u00fcber die \u00c4nderung des Fl\u00e4chennutzungsplans Gera 2020 f\u00fcr den Planbereich \u201eGewerbegebiet Bieblacher Berg\u201c eine weitere wichtige Weiche f\u00fcr die k\u00fcnftige gewerbliche Nutzung des Areals und somit f\u00fcr weiteres wirtschaftliches Wachstum der Stadt Gera gestellt werden.<\/p>\n\n\n\n<p>Voraussichtlich nach der Sommerpause sollen dann die Vorleistungen ausgewertet und entsprechend eingearbeitet sein, sodass ein erster Planentwurf vorgestellt werden kann. Im Rahmen einer fr\u00fchzeitigen B\u00fcrger- und Beh\u00f6rdenbeteiligung steht dieser dann zur Diskussion. Es sind zahlreiche Stellungnahmen von Betroffenen, Anwohnern, Beh\u00f6rden und Verb\u00e4nden zu erwarten.<\/p>\n\n\n\n<p>Der Auslegungszeit folgt ein umfangreicher und vielschichtiger Auswertungs- und Abw\u00e4gungsprozess. Erste Meinungen wurden bereits schriftlich an die Stadt Gera herangetragen und unter anderem bei der Begehung des potentiellen Gewerbestandortes durch den Bauausschuss am 16. M\u00e4rz 2021 vor Ort ge\u00e4u\u00dfert.<\/p>\n\n\n\n<p>\u00dcber Auslegungszeit und Auslegungsstandort des Planentwurfs wird die Stadt Gera selbstverst\u00e4ndlich rechtzeitig \u00f6ffentlich informieren. Hier haben alle B\u00fcrgerinnen und B\u00fcrger die M\u00f6glichkeit, die Pl\u00e4ne des laufenden Verfahrens einzusehen und Ihre ganz pers\u00f6nlichen Hinweise in das Verfahren einzubringen.<\/p>\n\n\n\n<p>Alle Interessierten an diesem Thema und zu weiteren Schwerpunktsetzungen rund um die Wirtschaftsf\u00f6rderung in Gera k\u00f6nnen sich am Mittwoch ab 18 Uhr \u00fcber den \u00f6ffentlichen Facebook-Kanal zuschalten und ihre pers\u00f6nlichen Fragen und konkreten Anliegen an den Oberb\u00fcrgermeister richten.<\/p>\n\n\n\n<p>QUELLE: STADTVERWALTUNG<\/p>\n","protected":false},"excerpt":{"rendered":"<div class=\"mh-excerpt\"><p>Am Mittwoch, den 21. April 2021, findet ab 18 Uhr die n\u00e4chste digitale B\u00fcrgersprechstunde mit Oberb\u00fcrgermeister Julian Vonarb statt \u2014 diesmal unter der \u00dcberschrift \u201eWirtschaftsf\u00f6rderung\u201c. Der erste B\u00fcrgerdialog am 10. M\u00e4rz fand bei den B\u00fcrgern <a class=\"mh-excerpt-more\" href=\"https:\/\/www.studiogera.de\/001\/2021\/04\/14\/buergerdialog-zur-foerderung-der-wirtschaft-in-gera\/\" title=\"B\u00dcRGERDIALOG ZUR F\u00d6RDERUNG DER WIRTSCHAFT IN GERA\">[&#8230;]<\/a><\/p>\n<\/div>","protected":false},"author":2,"featured_media":7629,"comment_status":"open","ping_status":"open","sticky":false,"template":"","format":"standard","meta":{"footnotes":""},"categories":[4],"tags":[],"class_list":{"0":"post-14817","1":"post","2":"type-post","3":"status-publish","4":"format-standard","5":"has-post-thumbnail","7":"category-wirtschaft"},"_links":{"self":[{"href":"https:\/\/www.studiogera.de\/001\/wp-json\/wp\/v2\/posts\/14817","targetHints":{"allow":["GET"]}}],"collection":[{"href":"https:\/\/www.studiogera.de\/001\/wp-json\/wp\/v2\/posts"}],"about":[{"href":"https:\/\/www.studiogera.de\/001\/wp-json\/wp\/v2\/types\/post"}],"author":[{"embeddable":true,"href":"https:\/\/www.studiogera.de\/001\/wp-json\/wp\/v2\/users\/2"}],"replies":[{"embeddable":true,"href":"https:\/\/www.studiogera.de\/001\/wp-json\/wp\/v2\/comments?post=14817"}],"version-history":[{"count":2,"href":"https:\/\/www.studiogera.de\/001\/wp-json\/wp\/v2\/posts\/14817\/revisions"}],"predecessor-version":[{"id":14819,"href":"https:\/\/www.studiogera.de\/001\/wp-json\/wp\/v2\/posts\/14817\/revisions\/14819"}],"wp:featuredmedia":[{"embeddable":true,"href":"https:\/\/www.studiogera.de\/001\/wp-json\/wp\/v2\/media\/7629"}],"wp:attachment":[{"href":"https:\/\/www.studiogera.de\/001\/wp-json\/wp\/v2\/media?parent=14817"}],"wp:term":[{"taxonomy":"category","embeddable":true,"href":"https:\/\/www.studiogera.de\/001\/wp-json\/wp\/v2\/categories?post=14817"},{"taxonomy":"post_tag","embeddable":true,"href":"https:\/\/www.studiogera.de\/001\/wp-json\/wp\/v2\/tags?post=14817"}],"curies":[{"name":"wp","href":"https:\/\/api.w.org\/{rel}","templated":true}]}}