{"id":14820,"date":"2021-04-14T19:18:17","date_gmt":"2021-04-14T17:18:17","guid":{"rendered":"http:\/\/www.studiogera.de\/001\/?p=14820"},"modified":"2021-04-14T19:18:43","modified_gmt":"2021-04-14T17:18:43","slug":"allgemeinverfuegung-wird-bis-25-april-2021-verlaengert","status":"publish","type":"post","link":"https:\/\/www.studiogera.de\/001\/2021\/04\/14\/allgemeinverfuegung-wird-bis-25-april-2021-verlaengert\/","title":{"rendered":"ALLGEMEINVERF\u00dcGUNG WIRD BIS 25. APRIL 2021 VERL\u00c4NGERT"},"content":{"rendered":"\n<p>Bezugnehmend auf die derzeitige Corona-Situation verl\u00e4ngert die Stadt Gera die am 2. April 2021 in Kraft getretene Allgemeinverf\u00fcgung zum Vollzug des Gesetzes zur Verh\u00fctung und Bek\u00e4mpfung von Infektionskrankheiten beim Menschen in Verbindung mit der gegenw\u00e4rtig geltenden Th\u00fcringer Verordnung \u00fcber grundlegende Infektionsschutzregeln zur Eind\u00e4mmung der Ausbreitung des Coronavirus SARS-CoV-2.<\/p>\n\n\n\n<p>Demnach bleiben bis einschlie\u00dflich 25. April 2021 alle staatlichen allgemeinbildenden und berufsbildenden Schulen einschlie\u00dflich der Schulhorte und Internate, sowie die Schulen in freier Tr\u00e4gerschaft f\u00fcr den Pr\u00e4senzbetrieb geschlossen. Dies gilt nicht f\u00fcr den Unterricht f\u00fcr Sch\u00fcler mit besonderem Unterst\u00fctzungsbedarf, f\u00fcr Sch\u00fcler der Abschlussklassen und f\u00fcr Sch\u00fcler, die im laufenden Schuljahr eine Abschlusspr\u00fcfung ablegen. F\u00fcr Sch\u00fcler bis zur Klassenstufe 6 wird eine Notbetreuung angeboten. Ebenfalls geschlossen bleiben bis dahin die Kindereinrichtungen; auch hier wird es weiterhin eine Notbetreuung geben.<\/p>\n\n\n\n<p>Mit der Allgemeinverf\u00fcgung reagiert die Stadtverwaltung auf die hohen Corona-Infektionszahlen in Gera und kommt zugleich der Allgemeinverf\u00fcgung des Ministeriums f\u00fcr Bildung, Jugend und Sport vom 9. April 2021 nach, Kindertageseinrichtungen und Schulen geschlossen zu halten, wenn der Sieben-Tage-Wert pro 100&#8217;000 Einwohner im Landkreis oder in der kreisfreien Stadt die Zahl 150 \u00fcberschreitet.<\/p>\n\n\n\n<p>Der Sieben-Tage-Wert in der Stadt Gera lag am 14. April bei 332,89. Bereits seit 19. M\u00e4rz 2021 ist die Zahl nicht unter den Wert von 200 gefallen. Mit einem raschen Sinken ist auch weiterhin nicht zu rechnen.<\/p>\n\n\n\n<p>Die ge\u00e4nderte Allgemeinverf\u00fcgung wird in einem Sonderamtsblatt ver\u00f6ffentlicht und ist zudem nachzulesen unter \u201ewww.corona.gera.de\u201c.<\/p>\n\n\n\n<p>QUELLE: STADTVERWALTUNG<\/p>\n","protected":false},"excerpt":{"rendered":"<div class=\"mh-excerpt\"><p>Bezugnehmend auf die derzeitige Corona-Situation verl\u00e4ngert die Stadt Gera die am 2. April 2021 in Kraft getretene Allgemeinverf\u00fcgung zum Vollzug des Gesetzes zur Verh\u00fctung und Bek\u00e4mpfung von Infektionskrankheiten beim Menschen in Verbindung mit der gegenw\u00e4rtig <a class=\"mh-excerpt-more\" href=\"https:\/\/www.studiogera.de\/001\/2021\/04\/14\/allgemeinverfuegung-wird-bis-25-april-2021-verlaengert\/\" title=\"ALLGEMEINVERF\u00dcGUNG WIRD BIS 25. APRIL 2021 VERL\u00c4NGERT\">[&#8230;]<\/a><\/p>\n<\/div>","protected":false},"author":2,"featured_media":8836,"comment_status":"open","ping_status":"open","sticky":false,"template":"","format":"standard","meta":{"footnotes":""},"categories":[3],"tags":[],"class_list":{"0":"post-14820","1":"post","2":"type-post","3":"status-publish","4":"format-standard","5":"has-post-thumbnail","7":"category-lokal"},"_links":{"self":[{"href":"https:\/\/www.studiogera.de\/001\/wp-json\/wp\/v2\/posts\/14820","targetHints":{"allow":["GET"]}}],"collection":[{"href":"https:\/\/www.studiogera.de\/001\/wp-json\/wp\/v2\/posts"}],"about":[{"href":"https:\/\/www.studiogera.de\/001\/wp-json\/wp\/v2\/types\/post"}],"author":[{"embeddable":true,"href":"https:\/\/www.studiogera.de\/001\/wp-json\/wp\/v2\/users\/2"}],"replies":[{"embeddable":true,"href":"https:\/\/www.studiogera.de\/001\/wp-json\/wp\/v2\/comments?post=14820"}],"version-history":[{"count":2,"href":"https:\/\/www.studiogera.de\/001\/wp-json\/wp\/v2\/posts\/14820\/revisions"}],"predecessor-version":[{"id":14822,"href":"https:\/\/www.studiogera.de\/001\/wp-json\/wp\/v2\/posts\/14820\/revisions\/14822"}],"wp:featuredmedia":[{"embeddable":true,"href":"https:\/\/www.studiogera.de\/001\/wp-json\/wp\/v2\/media\/8836"}],"wp:attachment":[{"href":"https:\/\/www.studiogera.de\/001\/wp-json\/wp\/v2\/media?parent=14820"}],"wp:term":[{"taxonomy":"category","embeddable":true,"href":"https:\/\/www.studiogera.de\/001\/wp-json\/wp\/v2\/categories?post=14820"},{"taxonomy":"post_tag","embeddable":true,"href":"https:\/\/www.studiogera.de\/001\/wp-json\/wp\/v2\/tags?post=14820"}],"curies":[{"name":"wp","href":"https:\/\/api.w.org\/{rel}","templated":true}]}}