{"id":14823,"date":"2021-04-14T23:51:54","date_gmt":"2021-04-14T21:51:54","guid":{"rendered":"http:\/\/www.studiogera.de\/001\/?p=14823"},"modified":"2021-04-14T23:51:55","modified_gmt":"2021-04-14T21:51:55","slug":"die-corona-situation-am-14-april-2021","status":"publish","type":"post","link":"https:\/\/www.studiogera.de\/001\/2021\/04\/14\/die-corona-situation-am-14-april-2021\/","title":{"rendered":"DIE CORONA-SITUATION AM 14. APRIL 2021"},"content":{"rendered":"\n<p>Angegeben sind die Werte des RKI, berechnet aus den gez\u00e4hlten positiven Befunden der vergangenen sieben Tage, bezogen auf 100&#8217;000 Einwohner (Sieben-Tage-Wert):<\/p>\n\n\n\n<ul class=\"wp-block-list\"><li>Deutschland: 153,2<\/li><li>Th\u00fcringen: 254,0<\/li><li>Stadtkreis Gera: 332,9<\/li><li>Landkreis Greiz: 489,7<\/li><\/ul>\n\n\n\n<p>Tagesaktuell hatten 0,29 % der Einwohner Deutschlands ein positives Testergebnis.<\/p>\n\n\n\n<p>Das RKI wertet alle labordiagnostischen Nachweise von SARS-CoV-2 als Covid-19-F\u00e4lle, unabh\u00e4ngig vom Vorhandensein oder der Auspr\u00e4gung der klinischen Symptomatik. In den meisten F\u00e4llen treten keine Symptome auf, seltener leichte Erk\u00e4ltungszeichen.<\/p>\n\n\n\n<p>In Deutschland hatten am 14. April laut DIVI-Tagesreport 4668 intensivmedizinisch behandelte Patienten ein positives Testergebnis. Vor viereinhalb Monaten, am 2. Dezember 2020, waren es 3957 Patienten. Die Gesamtbelegungszahl der ITS-Betten wird mit 21&#8217;053 am 14. April 2021 und 22&#8217;270 am 2. Dezember 2020 angegeben. Erfasst wurden deutschlandweit 1279 bzw. 1287 Krankenhaus-Standorte.<\/p>\n\n\n\n<p>Ursache f\u00fcr eine reduzierte Bettenzahl kann das Verg\u00fctungssystem sein. Krankenh\u00e4user m\u00fcssen eine prozentuale Mindestauslastung vorweisen, wenn sie zus\u00e4tzliche Gelder erhalten m\u00f6chten. Nimmt die Anzahl der Patienten ab, reduzieren sie demzufolge auch die Anzahl der Betten, um weiterhin eine ausreichende prozentuale Auslastung zu haben. Dies spiegelt sich auch in der Anzahl der Reservebetten wider. Au\u00dferdem werden seit August 2020 nur Betten gez\u00e4hlt, f\u00fcr die das Personal vorhanden ist, um sie betreiben zu k\u00f6nnen.<\/p>\n","protected":false},"excerpt":{"rendered":"<div class=\"mh-excerpt\"><p>Angegeben sind die Werte des RKI, berechnet aus den gez\u00e4hlten positiven Befunden der vergangenen sieben Tage, bezogen auf 100&#8217;000 Einwohner (Sieben-Tage-Wert): Deutschland: 153,2 Th\u00fcringen: 254,0 Stadtkreis Gera: 332,9 Landkreis Greiz: 489,7 Tagesaktuell hatten 0,29 % <a class=\"mh-excerpt-more\" href=\"https:\/\/www.studiogera.de\/001\/2021\/04\/14\/die-corona-situation-am-14-april-2021\/\" title=\"DIE CORONA-SITUATION AM 14. APRIL 2021\">[&#8230;]<\/a><\/p>\n<\/div>","protected":false},"author":2,"featured_media":14677,"comment_status":"open","ping_status":"open","sticky":false,"template":"","format":"standard","meta":{"footnotes":""},"categories":[16],"tags":[],"class_list":{"0":"post-14823","1":"post","2":"type-post","3":"status-publish","4":"format-standard","5":"has-post-thumbnail","7":"category-kurzmitteilungen"},"_links":{"self":[{"href":"https:\/\/www.studiogera.de\/001\/wp-json\/wp\/v2\/posts\/14823","targetHints":{"allow":["GET"]}}],"collection":[{"href":"https:\/\/www.studiogera.de\/001\/wp-json\/wp\/v2\/posts"}],"about":[{"href":"https:\/\/www.studiogera.de\/001\/wp-json\/wp\/v2\/types\/post"}],"author":[{"embeddable":true,"href":"https:\/\/www.studiogera.de\/001\/wp-json\/wp\/v2\/users\/2"}],"replies":[{"embeddable":true,"href":"https:\/\/www.studiogera.de\/001\/wp-json\/wp\/v2\/comments?post=14823"}],"version-history":[{"count":1,"href":"https:\/\/www.studiogera.de\/001\/wp-json\/wp\/v2\/posts\/14823\/revisions"}],"predecessor-version":[{"id":14824,"href":"https:\/\/www.studiogera.de\/001\/wp-json\/wp\/v2\/posts\/14823\/revisions\/14824"}],"wp:featuredmedia":[{"embeddable":true,"href":"https:\/\/www.studiogera.de\/001\/wp-json\/wp\/v2\/media\/14677"}],"wp:attachment":[{"href":"https:\/\/www.studiogera.de\/001\/wp-json\/wp\/v2\/media?parent=14823"}],"wp:term":[{"taxonomy":"category","embeddable":true,"href":"https:\/\/www.studiogera.de\/001\/wp-json\/wp\/v2\/categories?post=14823"},{"taxonomy":"post_tag","embeddable":true,"href":"https:\/\/www.studiogera.de\/001\/wp-json\/wp\/v2\/tags?post=14823"}],"curies":[{"name":"wp","href":"https:\/\/api.w.org\/{rel}","templated":true}]}}