{"id":14854,"date":"2021-04-21T11:11:38","date_gmt":"2021-04-21T09:11:38","guid":{"rendered":"http:\/\/www.studiogera.de\/001\/?p=14854"},"modified":"2021-04-21T11:11:39","modified_gmt":"2021-04-21T09:11:39","slug":"sanierung-der-rathausfassade-wird-fortgesetzt","status":"publish","type":"post","link":"https:\/\/www.studiogera.de\/001\/2021\/04\/21\/sanierung-der-rathausfassade-wird-fortgesetzt\/","title":{"rendered":"SANIERUNG DER RATHAUSFASSADE WIRD FORTGESETZT"},"content":{"rendered":"\n<p>Seit dem Morgen des 16. April 2021 laufen die Bauarbeiten an der Fassade des historischen Rathauses im Bereich J\u00fcdengasse. Die grundhafte Sanierung in Verantwortung der Elstertal-Infraprojekt GmbH umfasst eine vollst\u00e4ndige Putzerneuerung. Verwendet wird dabei das gleiche Putzsystem, das bereits im vorderen Bereich des Geb\u00e4udes zum Einsatz kam. Dabei ist die Sanierung eine Herausforderung, denn es gilt einiges an historischer Substanz zu erhalten. So sollen die Fenstergew\u00e4nde aus Naturstein und die beiden Plastiken am Giebel des \u201eAlten Rathauses\u201c unter denkmalpflegerischen Anforderungen restauriert werden. Daneben werden die historischen Holzfenster wo m\u00f6glich aufgearbeitet und neu beschichtet. Wo sie durch neue Fenster ersetzt werden m\u00fcssen, will man die originalen Bleiverglasungen aus dem 18. Jahrhundert teilweise wiederverwenden. Abschlie\u00dfend erfolgt ein neuer Farbanstrich. Nach derzeitigem Planungsstand sollen die Bauarbeiten bis Mitte September abgeschlossen sein. Die Kosten sind mit 350&#8217;000 Euro veranschlagt.<\/p>\n\n\n\n<p>\u201eIch freue mich, dass die Sanierung unseres historischen Rathauses in Anbetracht des Bauzustandes in den letzten Jahren nun endlich fortgef\u00fchrt wird. Mit seinem markanten Glockenturm, der sich \u00fcber die D\u00e4cher der Stadt erhebt, geh\u00f6rt es zu den Wahrzeichen Geras und muss erhalten werden. Die Fassadenerneuerung in diesem Bereich tr\u00e4gt ma\u00dfgeblich zur Aufwertung von Geras Altstadt bei\u201c, kommentiert Oberb\u00fcrgermeister Julian Vonarb die Entwicklungen.<\/p>\n\n\n\n<p>Das Rathaus der Stadt Gera wurde erstmals im Jahr 1425 urkundlich erw\u00e4hnt. Im 16. Jahrhundert erfolgte die Erweiterung des alten gotischen Baus im Stil der deutschen Renaissance. Das Bauwerk hebt sich aufgrund seiner Formsprache deutlich von den anderen Geb\u00e4uden auf dem Markt ab. Neben der Stadtapotheke ist das Rathaus das einzige Geb\u00e4ude, dessen Fassadenschmuck aus der Zeit der Renaissance (Gew\u00e4nderahmung und Bauplastik) stammt und bis in die Gegenwart bewahrt werden konnte. Errichtet wurde es nach Pl\u00e4nen des Weimarer Baumeisters Nicol Gromann. Einen besonderen Anziehungspunkt bildet das einzige noch in der Stadt vorhandene Sitznischenportal mit seinen halbplastischen Figuren, Wappen und Inschriftentafeln. Von jeher sind im Rundbogen \u00fcber dem Portal Brustbilder von drei Herren in den Trachten der Entstehungszeit des Rathauses 1573\/1576 zu sehen. Einer alten \u00dcberlieferung zufolge sollen Ratsherren oder der Stadtschreiber f\u00fcr die Gestaltung der Figuren als Vorbild gedient haben.<\/p>\n\n\n\n<p>Mit Blick auf die Innenausstattung kommt dem Rathaussaal eine exponierte Stellung zu. Dieser wurde nach dem verheerenden Stadtbrand von 1780 in seiner zweigeschossigen Form in den Jahren 1783\/1784 mit einer von ionischen Holzs\u00e4ulen getragenen, umlaufenden Empore neu gestaltet. In Richtung S\u00fcden, zum Kornmarkt hin, erfuhr das Rathaus mehrfach bauliche Erg\u00e4nzungen, die 1911\/1913 endg\u00fcltig abgeschlossen wurden.<\/p>\n\n\n\n<p>Seit dem Jahre 1991 wird das Geraer Rathaus sukzessive saniert und restauriert. 2006 erfolgte die grundhafte Sanierung der Fassade des denkmalgesch\u00fctzten Geb\u00e4udes in Richtung Markt; 2009 wurde der 1793 errichtete Anbau am Kornmarkt erneuert.<\/p>\n\n\n\n<p>QUELLE: STADTVERWALTUNG<\/p>\n","protected":false},"excerpt":{"rendered":"<div class=\"mh-excerpt\"><p>Seit dem Morgen des 16. April 2021 laufen die Bauarbeiten an der Fassade des historischen Rathauses im Bereich J\u00fcdengasse. Die grundhafte Sanierung in Verantwortung der Elstertal-Infraprojekt GmbH umfasst eine vollst\u00e4ndige Putzerneuerung. Verwendet wird dabei das <a class=\"mh-excerpt-more\" href=\"https:\/\/www.studiogera.de\/001\/2021\/04\/21\/sanierung-der-rathausfassade-wird-fortgesetzt\/\" title=\"SANIERUNG DER RATHAUSFASSADE WIRD FORTGESETZT\">[&#8230;]<\/a><\/p>\n<\/div>","protected":false},"author":2,"featured_media":14855,"comment_status":"open","ping_status":"open","sticky":false,"template":"","format":"standard","meta":{"footnotes":""},"categories":[3],"tags":[],"class_list":{"0":"post-14854","1":"post","2":"type-post","3":"status-publish","4":"format-standard","5":"has-post-thumbnail","7":"category-lokal"},"_links":{"self":[{"href":"https:\/\/www.studiogera.de\/001\/wp-json\/wp\/v2\/posts\/14854","targetHints":{"allow":["GET"]}}],"collection":[{"href":"https:\/\/www.studiogera.de\/001\/wp-json\/wp\/v2\/posts"}],"about":[{"href":"https:\/\/www.studiogera.de\/001\/wp-json\/wp\/v2\/types\/post"}],"author":[{"embeddable":true,"href":"https:\/\/www.studiogera.de\/001\/wp-json\/wp\/v2\/users\/2"}],"replies":[{"embeddable":true,"href":"https:\/\/www.studiogera.de\/001\/wp-json\/wp\/v2\/comments?post=14854"}],"version-history":[{"count":1,"href":"https:\/\/www.studiogera.de\/001\/wp-json\/wp\/v2\/posts\/14854\/revisions"}],"predecessor-version":[{"id":14856,"href":"https:\/\/www.studiogera.de\/001\/wp-json\/wp\/v2\/posts\/14854\/revisions\/14856"}],"wp:featuredmedia":[{"embeddable":true,"href":"https:\/\/www.studiogera.de\/001\/wp-json\/wp\/v2\/media\/14855"}],"wp:attachment":[{"href":"https:\/\/www.studiogera.de\/001\/wp-json\/wp\/v2\/media?parent=14854"}],"wp:term":[{"taxonomy":"category","embeddable":true,"href":"https:\/\/www.studiogera.de\/001\/wp-json\/wp\/v2\/categories?post=14854"},{"taxonomy":"post_tag","embeddable":true,"href":"https:\/\/www.studiogera.de\/001\/wp-json\/wp\/v2\/tags?post=14854"}],"curies":[{"name":"wp","href":"https:\/\/api.w.org\/{rel}","templated":true}]}}