{"id":14857,"date":"2021-04-21T11:52:36","date_gmt":"2021-04-21T09:52:36","guid":{"rendered":"http:\/\/www.studiogera.de\/001\/?p=14857"},"modified":"2021-04-21T11:52:38","modified_gmt":"2021-04-21T09:52:38","slug":"ueber-den-fruehjahrsputz-im-april-2021","status":"publish","type":"post","link":"https:\/\/www.studiogera.de\/001\/2021\/04\/21\/ueber-den-fruehjahrsputz-im-april-2021\/","title":{"rendered":"\u00dcBER DEN FR\u00dcHJAHRSPUTZ IM APRIL 2021"},"content":{"rendered":"\n<p>Ab Samstag, den 24. April 2021, werden alle B\u00fcrger sowie Vereine, Unternehmen, Kinderg\u00e4rten, Schulen und weitere Institutionen in Gera zum mittlerweile 19. Mal dazu darum gebeten, ihre Stadt f\u00fcr den Fr\u00fchling herauszuputzen und ein aktives Zeichen f\u00fcr eine saubere Stadt zu setzen.<\/p>\n\n\n\n<p>Bislang haben sich zahlreiche Akteure zur Teilnahme an der Aktion gemeldet, darunter viele Wohnungsbaugesellschaften, etwa TAG Wohnen &amp; Service GmbH, Aufbau eG, Gl\u00fcck Auf eG und Neuer Weg eG, aber auch Institutionen wie das SOS Kinderdorf und die Geraer Heimbetriebsgesellschaft GmbH.<\/p>\n\n\n\n<p>Positive Resonanz erhielt die Stadtverwaltung Gera, welche die Aktion gemeinsam mit der Geraer Umweltdienste GmbH &amp; Co. KG, dem Abfallwirtschaftszweckverband Ostth\u00fcringen, den Stadtteilb\u00fcros Lusan und Bieblach, der Otegau Arbeitsf\u00f6rder- und Berufsbildungszentrum GmbH Ostth\u00fcringen\/Gera und dem Verein \u201eJa \u2013 f\u00fcr Gera e. V.\u201c koordiniert, auch vom Ortsteil Westvororte und zahlreichen Privatpersonen aus R\u00f6ppisch, Liebschwitz und Untermhaus.<\/p>\n\n\n\n<p>\u201eWir freuen uns, dass auch in diesem Jahr in Gera ein so gro\u00dfes Interesse besteht sich gemeinn\u00fctzig f\u00fcr unsere Stadt zu engagieren. Jeder kann mitmachen, jede helfende Hand ist willkommen, um in der letzten Aprilwoche im eigenen Wohnumfeld t\u00e4tig zu werden\u201c, so Ren\u00e9 Soboll, Leiter der Abteilung Sport, Ehrenamt und St\u00e4dtepartnerschaften der Stadtverwaltung Gera. Dabei gehe es nicht nur ums Saubermachen und das Einsammeln von M\u00fcll: \u201eAlles, was unsere Stadt attraktiver macht, ist gefragt. Das kann auch die Bepflanzung von Blumenk\u00e4sten im Aktionszeitraum sein.\u201c Sollen andere Standorte als das eigene Wohnumfeld von Schmutz und Unrat befreit werden, ist pandemiebedingt die gesonderte Absprache und entsprechende Organisation in Kooperation mit den Initiatoren erforderlich.<\/p>\n\n\n\n<p>Wie bedeutend und aktuell das Thema M\u00fcll und M\u00fcllentsorgung f\u00fcr die Stadt ist, verdeutlicht Steffen Rochler, Teamleiter f\u00fcr die Abteilung Abfall im st\u00e4dtischen Umweltamt: \u201eF\u00fcr saubere und lebenswerte St\u00e4dte und Gemeinden zu sorgen, ist einer der Grundpfeiler der kommunalen Daseinsvorsorge. Dennoch kann die Sauberhaltung unserer Stadt, ob mit Blick auf die Parkanlagen und Gr\u00fcnfl\u00e4chen, Wege, Stra\u00dfen, B\u00f6schungen oder Gr\u00fcnstreifen, nur gemeinsam gelingen und beginnt bei jedem Einzelnen. Leider ist auch in Gera seit einiger Zeit das Ph\u00e4nomen des \u201aLittering\u2018 verst\u00e4rkt beobachtbar, das nicht nur unangenehme \u00e4sthetische, sondern auch erhebliche \u00f6kologische und wirtschaftliche Folgen hat.\u201c<\/p>\n\n\n\n<p>Der Begriff \u201eLittering\u201c bezeichnet das achtlose Wegwerfen oder Liegenlassen von Abf\u00e4llen und M\u00fcll im \u00f6ffentlichen Raum. Dazu geh\u00f6ren unter anderem Zigarettenstummel und Wegwerf-Artikel sowie Glas-, Plastik- und Papierabf\u00e4lle. In Gera fallen im Jahr rund 15 Tonnen illegale Ablagerungen im \u00f6ffentlichen Raum an. Aktuelle Littering-Schwerpunkte in der Stadt finden sich entlang von Stra\u00dfen wie etwa der B 2 sowie insbesondere entlang der Zufahrtsstra\u00dfen in die Stadt, aber auch auf Park- und Rastpl\u00e4tzen sowie in Gr\u00fcnanlagen. Ursache f\u00fcr dieses Ph\u00e4nomen sind neben dem allgemeinen Trend zur Einweg-Verpackung auch die Folgen der Corona-Verordnungen mit Getr\u00e4nken und Imbiss ausschlie\u00dflich zum Mitnehmen. Damit verbunden ist ein deutlich erh\u00f6htes M\u00fcllaufkommen, das sich im gesamten Stadtgebiet bemerkbar macht. Dabei finden sich neben Hausm\u00fcll auch Elektroschott, Bauschutt oder Sonderabf\u00e4lle in der freien Natur oder auf \u00f6ffentlichen Pl\u00e4tzen. Unter den illegalen Abf\u00e4llen im \u00f6ffentlichen Raum Geras waren im Jahr 2020 neben sieben Tonnen Sperrm\u00fcll und Siedlungsabf\u00e4llen auch 140 Altreifen und 14 Elektrogro\u00dfger\u00e4te.<\/p>\n\n\n\n<p>\u201eViele B\u00fcrgerinnen und B\u00fcrger wissen nicht, wohin mit dem Abfall, oder f\u00fcrchten hohe Entsorgungskosten\u201c, sch\u00e4tzt Steffen Rochler die steigende Achtlosigkeit im Umgang mit M\u00fcll ein: \u201eHinzu kommt bei den Verursachern ein mangelndes Umwelt- und Verantwortungsbewusstsein.\u201c<\/p>\n\n\n\n<p>Die Folgen von Littering sind enorm: steigende st\u00e4dtische Reinigungskosten und eine starke Umweltbelastung. 2020 wurden von der Unteren Abfallbeh\u00f6rde Geras insgesamt f\u00fcnfhundert F\u00e4lle illegaler Abfallentsorgung bearbeitet, wobei in 85 davon Ordnungswidrigkeiten eingeleitet werden konnten. Es entstanden der Stadt Kosten in H\u00f6he von rund 9000 Euro. Um das Litteringaufkommen in Gera nachhaltig zu verringern, setzt Steffen Rochler auch auf die Sensibilisierung und Aufkl\u00e4rung der Bev\u00f6lkerung.<\/p>\n\n\n\n<p>Die wichtigsten Fakten rund um das Thema M\u00fcllentsorgung und Sauberhaltung im Stadtgebiet sind nachfolgend aufgef\u00fchrt.<\/p>\n\n\n\n<p><strong>Stra\u00dfenreinigung<\/strong><br>Die Reinigung von Stra\u00dfen liegt nicht ausschlie\u00dflich in st\u00e4dtischer Verantwortung, sondern geh\u00f6rt zu den Gemeinschaftsaufgaben. Geregelt wird sie in der Stra\u00dfenreinigungs- und Stra\u00dfenreinigungsgeb\u00fchrensatzung der Stadt Gera. Darin sind alle Stra\u00dfen gelistet, welche die Stadt mithilfe von Kehrmaschinen regelm\u00e4\u00dfig s\u00e4ubert. Dabei wird die Stadtverwaltung durch die Geraer Umweltdienste GmbH und Co. KG unterst\u00fctzt. Federf\u00fchrend gesteuert und \u00fcberwacht wird dieser Reinigungsprozess durch das st\u00e4dtische Tiefbau- und Verkehrsamt (TVA). Laut geltendem Kommunalrecht sind gleichzeitig die Eigent\u00fcmer und Besitzer von bebauten und unbebauten Grundst\u00fccken mit Anschluss an eine \u00f6ffentliche Stra\u00dfe zur w\u00f6chentlichen Stra\u00dfenreinigung verpflichtet. Diese Regelung erstreckt sich unter anderem auf die Fahrbahn, Gehwege, Gr\u00fcnstreifen, Treppenanlagen, Standspuren und Haltestellenbuchten des \u00f6ffentlichen Personen-Nahverkehrs sowie Parkpl\u00e4tze, Parknischen, B\u00f6schungen und Stra\u00dfengr\u00e4ben. Mit anderen Worten: Alle Stra\u00dfen, die nicht in der Stra\u00dfenreinigungssatzung aufgelistet sind, sind durch die Anlieger der angrenzenden Grundst\u00fccke zu s\u00e4ubern. Dabei kann auch die Stadt Gera selbst ein Anlieger sein. In diesem Fall ist die Reinigung durch das Fachamt, welche das an die Stra\u00dfe angrenzende Flurst\u00fcck betreut, zu organisieren. Um die Sauberkeit der Stra\u00dfen sicherzustellen, f\u00fchren die Mitarbeitenden des TVA regelm\u00e4\u00dfige Kontrollen durch und erinnern Anlieger auch an ihre Reinigungsverpflichtungen. Eine fl\u00e4chendeckende Kontrolle des gesamten Stadtgebietes ist personell jedoch nicht m\u00f6glich.<\/p>\n\n\n\n<p><strong>Papierk\u00f6rbe<\/strong><br>Rund 250 Papierk\u00f6rbe unterschiedlicher Konstruktion und Gr\u00f6\u00dfe sorgen in Gera daf\u00fcr, dass die Menschen auch unterwegs ihre Kleinabf\u00e4lle bequem und zuverl\u00e4ssig entsorgen k\u00f6nnen. Diese Papierk\u00f6rbe an \u00f6ffentlichen Stra\u00dfen, Wegen und Pl\u00e4tzen werden durch das Tiefbau- und Verkehrsamt verwaltet. F\u00fcr die Papierk\u00f6rbe in Parkanlagen, auf Spielpl\u00e4tzen, Friedh\u00f6fen, teilweise auch im Bereich Stra\u00dfenbegleitgr\u00fcn und im Bereich von Hundewiesen ist das Amt f\u00fcr Stadtgr\u00fcn, an Wanderwegen das st\u00e4dtische Umweltamt zust\u00e4ndig. Die Leerung der Papierk\u00f6rbe und die Entsorgung des M\u00fclls werden \u00f6ffentlich ausgeschrieben; aktuell verantwortet diese Aufgaben die Firma \u201eCome in\u201c aus Gera. Der Turnus zur Leerung ist nach Sommer- und Winterhalbjahr unterschiedlich gestaltet. An hochfrequentierten Standorten wird von April bis Oktober w\u00f6chentlich, anderen Ortes 14-t\u00e4glich geleert.<\/p>\n\n\n\n<p><strong>M\u00fcllentsorgung im Stadtgebiet<\/strong><br>Unterst\u00fctzt wird die Stadtverwaltung bei der M\u00fcllentsorgung wie bei der Stra\u00dfenreinigung durch externe Dienstleister und \u00f6ffentliche Tr\u00e4ger. Dazu geh\u00f6rt neben der Geraer Umweltdienste GmbH und Co. KG auch der Abfallwirtschaftszweckverband Ostth\u00fcringen. Prim\u00e4re Aufgabe des Zweckverbandes als \u00f6ffentlich-rechtlicher Entsorgungstr\u00e4ger ist es, die im Verbandsgebiet der Stadt Gera und des Landkreises Greiz anfallenden und zu \u00fcberlassenden Abf\u00e4lle zu verwerten oder zu beseitigen. Zudem ber\u00e4t der Verband B\u00fcrgerinnen und B\u00fcrger, Gemeinden und Gewerbetreibende, wie sie Abf\u00e4lle vermeiden, verwerten und gemeinwohlvertr\u00e4glich beseitigen k\u00f6nnen.<\/p>\n\n\n\n<p><strong>Illegale Abfallablagerung<\/strong><br>Um das illegale Entsorgen von Abf\u00e4llen im Stadtgebiet auf ein Minimum zu reduzieren, bedarf es einer konstruktiven Zusammenarbeit zwischen Stadtverwaltung und den Geraern. Verantwortlich f\u00fcr die Beseitigung von illegalen Ablagerungen auf \u00f6ffentlichen Fl\u00e4chen und die Ermittlung der Verursacher ist die Untere Abfallbeh\u00f6rde (UAB). Weil eine kontinuierliche und fl\u00e4chendeckende aktive \u00dcberwachung des gesamten Stadtgebietes nicht m\u00f6glich ist, sind die Mitarbeitenden der Beh\u00f6rde zur Sicherstellung einer zeitnahen Entsorgung des Abfalls in jedem Falle auf Hinweise der Bev\u00f6lkerung angewiesen. Dabei best\u00e4tigt sich aus der t\u00e4glichen Praxis, dass oftmals kurze Zeit nach einer durchgef\u00fchrten Ber\u00e4umung erneute Ablagerungen auftreten. Deshalb erfolgen bei solchen Brennpunkten durch die Beh\u00f6rde in Absprache mit dem Ordnungsamt regelm\u00e4\u00dfige Kontrollen.<\/p>\n\n\n\n<p><strong>Aufkl\u00e4rungskampagnen<\/strong><br>Neben der operativen Arbeit geh\u00f6rt auch die Aufkl\u00e4rung der Menschen zum Umgang mit Abf\u00e4llen und damit verbunden die Bewusstseinsbildung der B\u00fcrger zu den wichtigen Aufgaben der UAB. So werden Unternehmen und B\u00fcrger auf Anfrage zu Problemstellungen rund um das Thema Kreislaufwirtschaft und Abfall beraten. Dar\u00fcber hinaus finden in Zusammenarbeit mit der Ehrenamtszentrale zweimal j\u00e4hrlich Sch\u00fcleraktionstage statt. Im Rahmen dieser Initiative helfen Sch\u00fclerinnen und Sch\u00fcler dabei Abf\u00e4lle im Stadtgebiet einzusammeln. Gleichzeitig sensibilisieren die Mitarbeitenden der UAB die Sch\u00fcler in Bezug auf die Abfallproblematik. Solche Aktivit\u00e4ten k\u00f6nnen aufgrund der aktuellen Pandemielage derzeit nicht durchgef\u00fchrt werden, sollen aber, sobald es die Umst\u00e4nde zulassen. wiederbelebt werden.<\/p>\n\n\n\n<p>Hinzu kommen regelm\u00e4\u00dfig organisierte Sauberkeitskampagnen wie etwa dem j\u00e4hrlichen Fr\u00fchjahrsputz, womit die Geraer f\u00fcr den Wert einer sauberen Stadt sensibilisiert werden sollen.<\/p>\n\n\n\n<p><strong>Stra\u00dfenreinigungssatzung und Anliegerpflichten<\/strong><br>Die Aufgaben der Stra\u00dfenanlieger zur Stra\u00dfenreinigung sind auf der st\u00e4dtischen Webseite abrufbar.<\/p>\n\n\n\n<p><strong>Meldung illegaler Abfallablagerungen<\/strong><br>Bei weiteren Fragen stehen den B\u00fcrgern die Mitarbeiter der Unteren Abfallbeh\u00f6rde unter der Rufnummer 0365 8384201 oder \u201eabfallbehoerde@gera.de\u201c zur Verf\u00fcgung.<\/p>\n\n\n\n<p>Informationen zur M\u00fcllentsorgung, unter anderem auch von Sperrm\u00fcll, Altkleidern und Elektroschrott, sind unter \u201ehttps:\/\/www.veolia.de\/leistungen\/leistungen-entsorgung\/entsorgung-abfaellen\u201c abrufbar. Die Kehrtage im Stadtgebiet sind unter \u201e<a href=\"https:\/\/www.veolia.de\/sites\/g\/files\/dvc2511\/files\/document\/2019\/01\/Kehrtage_Gera_GUD.pdf\">https:\/\/www.veolia.de\/sites\/g\/files\/dvc2511\/files\/document\/2019\/01\/Kehrtage_Gera_GUD.pdf<\/a>\u201c abrufbar. Die Standorte und \u00d6ffnungszeiten der Recyclingh\u00f6fe sind unter \u201e<a href=\"https:\/\/www.veolia.de\/recyclinghoefe-der-gud-geraer-umweltdienste\">https:\/\/www.veolia.de\/recyclinghoefe-der-gud-geraer-umweltdienste<\/a>\u201c abrufbar.<\/p>\n\n\n\n<p>Der Abfallwirtschaftszweckverband Ostth\u00fcringen ist unter der Rufnummer 0365 8332150 sowie unter<br>\u201e<a href=\"https:\/\/www.awv-ot.de\/www\/awvot\/kontakt\/kontaktformular\/\">https:\/\/www.awv-ot.de\/www\/awvot\/kontakt\/kontaktformular\/<\/a>\u201c erreichbar.<\/p>\n\n\n\n<p>Dar\u00fcber hinaus gibt es folgende Informationsseiten:<\/p>\n\n\n\n<p>Angebote zur Abfallberatung \u2013 auch f\u00fcr Kinderg\u00e4rten und Schulen<br><a href=\"https:\/\/www.awv-ot.de\/www\/awvot\/abfallberatung\/abfallberatung-aktuell\/\">https:\/\/www.awv-ot.de\/www\/awvot\/abfallberatung\/abfallberatung-aktuell\/<\/a><\/p>\n\n\n\n<p>Informationen zu allen Themen rund um Entsorgung und Verwertung von Abfall<br><a href=\"https:\/\/www.awv-ot.de\/www\/awvot\/abfallberatung\/infoblaetter\/\">https:\/\/www.awv-ot.de\/www\/awvot\/abfallberatung\/infoblaetter\/<\/a><\/p>\n\n\n\n<p>Informationen zu Entsorgungsm\u00f6glichkeiten von Abf\u00e4llen, die von der \u00f6ffentlichen Entsorgung ausgeschlossen sind<br><a href=\"https:\/\/www.awv-ot.de\/www\/awvot\/abfallberatung\/entsorgungsmoeglichk\/\">https:\/\/www.awv-ot.de\/www\/awvot\/abfallberatung\/entsorgungsmoeglichk\/<\/a><\/p>\n\n\n\n<p>Standorte und \u00d6ffnungszeiten der Recyclingh\u00f6fe<br><a href=\"https:\/\/www.awv-ot.de\/www\/awvot\/recyclinghoefe\/listederrecyclinghoe\/\">https:\/\/www.awv-ot.de\/www\/awvot\/recyclinghoefe\/listederrecyclinghoe\/<\/a><\/p>\n\n\n\n<p>Standorte von Containern f\u00fcr Glas in Gera<br><a href=\"https:\/\/www.awv-ot.de\/www\/awvot\/glasplaetze\/\">https:\/\/www.awv-ot.de\/www\/awvot\/glasplaetze\/<\/a><\/p>\n\n\n\n<p>Weitere Informationen zur Abholung von Sperrm\u00fcll<br><a href=\"https:\/\/www.awv-ot.de\/www\/awvot\/abfuhrtermine\/sperrmuell\/\">https:\/\/www.awv-ot.de\/www\/awvot\/abfuhrtermine\/sperrmuell\/<\/a><\/p>\n\n\n\n<p>QUELLE: STADTVERWALTUNG<\/p>\n","protected":false},"excerpt":{"rendered":"<div class=\"mh-excerpt\"><p>Ab Samstag, den 24. April 2021, werden alle B\u00fcrger sowie Vereine, Unternehmen, Kinderg\u00e4rten, Schulen und weitere Institutionen in Gera zum mittlerweile 19. Mal dazu darum gebeten, ihre Stadt f\u00fcr den Fr\u00fchling herauszuputzen und ein aktives <a class=\"mh-excerpt-more\" href=\"https:\/\/www.studiogera.de\/001\/2021\/04\/21\/ueber-den-fruehjahrsputz-im-april-2021\/\" title=\"\u00dcBER DEN FR\u00dcHJAHRSPUTZ IM APRIL 2021\">[&#8230;]<\/a><\/p>\n<\/div>","protected":false},"author":2,"featured_media":14858,"comment_status":"open","ping_status":"open","sticky":false,"template":"","format":"standard","meta":{"footnotes":""},"categories":[3],"tags":[],"class_list":{"0":"post-14857","1":"post","2":"type-post","3":"status-publish","4":"format-standard","5":"has-post-thumbnail","7":"category-lokal"},"_links":{"self":[{"href":"https:\/\/www.studiogera.de\/001\/wp-json\/wp\/v2\/posts\/14857","targetHints":{"allow":["GET"]}}],"collection":[{"href":"https:\/\/www.studiogera.de\/001\/wp-json\/wp\/v2\/posts"}],"about":[{"href":"https:\/\/www.studiogera.de\/001\/wp-json\/wp\/v2\/types\/post"}],"author":[{"embeddable":true,"href":"https:\/\/www.studiogera.de\/001\/wp-json\/wp\/v2\/users\/2"}],"replies":[{"embeddable":true,"href":"https:\/\/www.studiogera.de\/001\/wp-json\/wp\/v2\/comments?post=14857"}],"version-history":[{"count":1,"href":"https:\/\/www.studiogera.de\/001\/wp-json\/wp\/v2\/posts\/14857\/revisions"}],"predecessor-version":[{"id":14859,"href":"https:\/\/www.studiogera.de\/001\/wp-json\/wp\/v2\/posts\/14857\/revisions\/14859"}],"wp:featuredmedia":[{"embeddable":true,"href":"https:\/\/www.studiogera.de\/001\/wp-json\/wp\/v2\/media\/14858"}],"wp:attachment":[{"href":"https:\/\/www.studiogera.de\/001\/wp-json\/wp\/v2\/media?parent=14857"}],"wp:term":[{"taxonomy":"category","embeddable":true,"href":"https:\/\/www.studiogera.de\/001\/wp-json\/wp\/v2\/categories?post=14857"},{"taxonomy":"post_tag","embeddable":true,"href":"https:\/\/www.studiogera.de\/001\/wp-json\/wp\/v2\/tags?post=14857"}],"curies":[{"name":"wp","href":"https:\/\/api.w.org\/{rel}","templated":true}]}}