{"id":14863,"date":"2021-04-21T12:10:27","date_gmt":"2021-04-21T10:10:27","guid":{"rendered":"http:\/\/www.studiogera.de\/001\/?p=14863"},"modified":"2021-04-21T12:16:34","modified_gmt":"2021-04-21T10:16:34","slug":"einschraenkungen-des-innenstadtverkehrs-aufgrund-dreharbeiten","status":"publish","type":"post","link":"https:\/\/www.studiogera.de\/001\/2021\/04\/21\/einschraenkungen-des-innenstadtverkehrs-aufgrund-dreharbeiten\/","title":{"rendered":"EINSCHR\u00c4NKUNGEN DES INNENSTADTVERKEHRS AUFGRUND DREHARBEITEN"},"content":{"rendered":"\n<p>Wegen Dreharbeiten zu einem Spielfilm kommt es in der Innenstadt von Gera zeitweise zu Verkehrseinschr\u00e4nkungen.<\/p>\n\n\n\n<ul class=\"wp-block-list\"><li>Am Freitag, den 23. April 2021, wird die Dr.-Eckener-Stra\u00dfe in der Zeit von 17 Uhr bis 20 Uhr intervallweise f\u00fcr jeweils maximal 3 Minuten f\u00fcr den gesamten Fahrverkehr gesperrt.<\/li><li>Am Montag, den 26. April 2021, wird die Rudolf-Diener-Stra\u00dfe ganztags zwischen Leipziger Stra\u00dfe und Humboldtstra\u00dfe f\u00fcr den gesamten Verkehr gesperrt. Die Bewohner k\u00f6nnen in dieser Zeit ihre Fahrzeuge zum Beispiel auf den ausgewiesenen Bewohnerparkpl\u00e4tzen in der Zabelstra\u00dfe entlang des Gymnasiums abstellen.<\/li><li>Am Montag, den 26. April 2021, wird die Leipziger Stra\u00dfe in H\u00f6he Rudolf-Diener-Stra\u00dfe im Laufe des Tages intervallweise f\u00fcr jeweils maximal drei Minuten f\u00fcr den gesamten Fahrverkehr gesperrt.<\/li><li>Vom 14. April bis 7. Mai 2021 werden im Bereich der Fu\u00dfg\u00e4ngerzone Sorge und Humboldtstra\u00dfe Fahrzeuge der Filmproduktion abgestellt. Die Durchfahrt f\u00fcr andere Fahrzeuge ist gew\u00e4hrleistet.<\/li><\/ul>\n\n\n\n<p>Das st\u00e4dtische Tiefbau- und Verkehrsamt bittet alle Fahrzeugf\u00fchrer um Beachtung der ge\u00e4nderten Verkehrsregelungen.<\/p>\n\n\n\n<p>QUELLE: STADTVERWALTUNG<\/p>\n","protected":false},"excerpt":{"rendered":"<div class=\"mh-excerpt\"><p>Wegen Dreharbeiten zu einem Spielfilm kommt es in der Innenstadt von Gera zeitweise zu Verkehrseinschr\u00e4nkungen. Am Freitag, den 23. April 2021, wird die Dr.-Eckener-Stra\u00dfe in der Zeit von 17 Uhr bis 20 Uhr intervallweise f\u00fcr <a class=\"mh-excerpt-more\" href=\"https:\/\/www.studiogera.de\/001\/2021\/04\/21\/einschraenkungen-des-innenstadtverkehrs-aufgrund-dreharbeiten\/\" title=\"EINSCHR\u00c4NKUNGEN DES INNENSTADTVERKEHRS AUFGRUND DREHARBEITEN\">[&#8230;]<\/a><\/p>\n<\/div>","protected":false},"author":2,"featured_media":1630,"comment_status":"open","ping_status":"open","sticky":false,"template":"","format":"standard","meta":{"footnotes":""},"categories":[16],"tags":[],"class_list":{"0":"post-14863","1":"post","2":"type-post","3":"status-publish","4":"format-standard","5":"has-post-thumbnail","7":"category-kurzmitteilungen"},"_links":{"self":[{"href":"https:\/\/www.studiogera.de\/001\/wp-json\/wp\/v2\/posts\/14863","targetHints":{"allow":["GET"]}}],"collection":[{"href":"https:\/\/www.studiogera.de\/001\/wp-json\/wp\/v2\/posts"}],"about":[{"href":"https:\/\/www.studiogera.de\/001\/wp-json\/wp\/v2\/types\/post"}],"author":[{"embeddable":true,"href":"https:\/\/www.studiogera.de\/001\/wp-json\/wp\/v2\/users\/2"}],"replies":[{"embeddable":true,"href":"https:\/\/www.studiogera.de\/001\/wp-json\/wp\/v2\/comments?post=14863"}],"version-history":[{"count":2,"href":"https:\/\/www.studiogera.de\/001\/wp-json\/wp\/v2\/posts\/14863\/revisions"}],"predecessor-version":[{"id":14865,"href":"https:\/\/www.studiogera.de\/001\/wp-json\/wp\/v2\/posts\/14863\/revisions\/14865"}],"wp:featuredmedia":[{"embeddable":true,"href":"https:\/\/www.studiogera.de\/001\/wp-json\/wp\/v2\/media\/1630"}],"wp:attachment":[{"href":"https:\/\/www.studiogera.de\/001\/wp-json\/wp\/v2\/media?parent=14863"}],"wp:term":[{"taxonomy":"category","embeddable":true,"href":"https:\/\/www.studiogera.de\/001\/wp-json\/wp\/v2\/categories?post=14863"},{"taxonomy":"post_tag","embeddable":true,"href":"https:\/\/www.studiogera.de\/001\/wp-json\/wp\/v2\/tags?post=14863"}],"curies":[{"name":"wp","href":"https:\/\/api.w.org\/{rel}","templated":true}]}}