{"id":14869,"date":"2021-04-21T16:35:06","date_gmt":"2021-04-21T14:35:06","guid":{"rendered":"http:\/\/www.studiogera.de\/001\/?p=14869"},"modified":"2021-04-21T16:35:07","modified_gmt":"2021-04-21T14:35:07","slug":"motorradkorso-am-24-april-2021","status":"publish","type":"post","link":"https:\/\/www.studiogera.de\/001\/2021\/04\/21\/motorradkorso-am-24-april-2021\/","title":{"rendered":"MOTORRADKORSO AM 24. APRIL 2021"},"content":{"rendered":"\n<p>Am Nachmittag des 24. April 2021 wird sich ein Motorradkorso durch das Stadtgebiet bewegen, der als Veranstaltung auf der Grundlage des Versammlungsrechtes durchgef\u00fchrt wird. Dabei kommt es zu zeitweisen Behinderungen durch abgeschaltete Ampelanlagen bzw. Regelungen des Verkehrs durch Beamte der Landespolizeiinspektion Gera.<\/p>\n\n\n\n<p>Das Verkehrsamt bittet alle Fahrzeugf\u00fchrer um Beachtung und Verst\u00e4ndnis f\u00fcr diese Ma\u00dfnahmen.<\/p>\n","protected":false},"excerpt":{"rendered":"<div class=\"mh-excerpt\"><p>Am Nachmittag des 24. April 2021 wird sich ein Motorradkorso durch das Stadtgebiet bewegen, der als Veranstaltung auf der Grundlage des Versammlungsrechtes durchgef\u00fchrt wird. Dabei kommt es zu zeitweisen Behinderungen durch abgeschaltete Ampelanlagen bzw. Regelungen <a class=\"mh-excerpt-more\" href=\"https:\/\/www.studiogera.de\/001\/2021\/04\/21\/motorradkorso-am-24-april-2021\/\" title=\"MOTORRADKORSO AM 24. APRIL 2021\">[&#8230;]<\/a><\/p>\n<\/div>","protected":false},"author":2,"featured_media":13634,"comment_status":"open","ping_status":"open","sticky":false,"template":"","format":"standard","meta":{"footnotes":""},"categories":[16],"tags":[],"class_list":{"0":"post-14869","1":"post","2":"type-post","3":"status-publish","4":"format-standard","5":"has-post-thumbnail","7":"category-kurzmitteilungen"},"_links":{"self":[{"href":"https:\/\/www.studiogera.de\/001\/wp-json\/wp\/v2\/posts\/14869","targetHints":{"allow":["GET"]}}],"collection":[{"href":"https:\/\/www.studiogera.de\/001\/wp-json\/wp\/v2\/posts"}],"about":[{"href":"https:\/\/www.studiogera.de\/001\/wp-json\/wp\/v2\/types\/post"}],"author":[{"embeddable":true,"href":"https:\/\/www.studiogera.de\/001\/wp-json\/wp\/v2\/users\/2"}],"replies":[{"embeddable":true,"href":"https:\/\/www.studiogera.de\/001\/wp-json\/wp\/v2\/comments?post=14869"}],"version-history":[{"count":1,"href":"https:\/\/www.studiogera.de\/001\/wp-json\/wp\/v2\/posts\/14869\/revisions"}],"predecessor-version":[{"id":14870,"href":"https:\/\/www.studiogera.de\/001\/wp-json\/wp\/v2\/posts\/14869\/revisions\/14870"}],"wp:featuredmedia":[{"embeddable":true,"href":"https:\/\/www.studiogera.de\/001\/wp-json\/wp\/v2\/media\/13634"}],"wp:attachment":[{"href":"https:\/\/www.studiogera.de\/001\/wp-json\/wp\/v2\/media?parent=14869"}],"wp:term":[{"taxonomy":"category","embeddable":true,"href":"https:\/\/www.studiogera.de\/001\/wp-json\/wp\/v2\/categories?post=14869"},{"taxonomy":"post_tag","embeddable":true,"href":"https:\/\/www.studiogera.de\/001\/wp-json\/wp\/v2\/tags?post=14869"}],"curies":[{"name":"wp","href":"https:\/\/api.w.org\/{rel}","templated":true}]}}