{"id":14873,"date":"2021-04-21T17:51:47","date_gmt":"2021-04-21T15:51:47","guid":{"rendered":"http:\/\/www.studiogera.de\/001\/?p=14873"},"modified":"2021-04-21T17:51:48","modified_gmt":"2021-04-21T15:51:48","slug":"allgemeinverfuegung-wird-bis-9-mai-2021-verlaengert","status":"publish","type":"post","link":"https:\/\/www.studiogera.de\/001\/2021\/04\/21\/allgemeinverfuegung-wird-bis-9-mai-2021-verlaengert\/","title":{"rendered":"ALLGEMEINVERF\u00dcGUNG WIRD BIS 9. MAI 2021 VERL\u00c4NGERT"},"content":{"rendered":"\n<p><em>Schulen und Kinderg\u00e4rten d\u00fcrfen weiterhin keinen Pr\u00e4senzdienst anbieten. Eine Allgemeinverf\u00fcgung hierzu tritt am 26. April 2021 in Kraft. Sie gilt bis zum 9. Mai 2021.<\/em><\/p>\n\n\n\n<p>Die Stadt Gera erl\u00e4sst erneut eine Allgemeinverf\u00fcgung zum Vollzug des Gesetzes zur Verh\u00fctung und Bek\u00e4mpfung von Infektionskrankheiten beim Menschen in Verbindung mit der geltenden Th\u00fcringer Verordnung \u00fcber grundlegende Infektionsschutzregeln zur Eind\u00e4mmung der Ausbreitung des Coronavirus SARS-CoV-2. Diese tritt am 26. April 2021 in Kraft und gilt bis einschlie\u00dflich 9. Mai 2021.<\/p>\n\n\n\n<p>Schulen sind demnach auch weiterhin f\u00fcr den Pr\u00e4senzunterricht zu schlie\u00dfen. Dies betrifft alle staatlichen allgemeinbildenden und berufsbildenden Schulen einschlie\u00dflich der Schulhorte und Internate, sowie die Schulen in freier Tr\u00e4gerschaft. Ausgenommen bleibt der Unterricht f\u00fcr Sch\u00fcler mit besonderem Unterst\u00fctzungsbedarf, f\u00fcr Sch\u00fcler der Abschlussklassen und f\u00fcr Sch\u00fcler, die im laufenden Schuljahr eine Abschlusspr\u00fcfung ablegen. Bis zur Klassenstufe 6 wird eine Notbetreuung angeboten. Neu ist die verpflichtende Vorlage eines negativen Corona-Testergebnisses, das nicht \u00e4lter als drei Tage alt sein darf, f\u00fcr die Teilnahme am Pr\u00e4senzunterricht sowie an der Notbetreuung. Als Nachweis k\u00f6nnen die nach der Allgemeinverf\u00fcgung des Th\u00fcringer Ministeriums f\u00fcr Bildung, Jugend und Sport vom 9. April 2021 zweimal w\u00f6chentlich angebotenen Selbsttestungen genutzt werden. Sch\u00fcler, die kein negatives Testergebnis nachweisen k\u00f6nnen oder wollen, befinden sich im h\u00e4uslichen Lernen. Die Pflicht zum Nachweis eines negativen Testergebnisses gilt ebenso f\u00fcr das im Schulgeb\u00e4ude t\u00e4tige Personal.\u00a0<\/p>\n\n\n\n<p>Auch die Kinderbetreuungseinrichtungen bleiben weiter geschlossen, bieten aber so wie bisher Notbetreuung an.&nbsp;&nbsp;&nbsp;<\/p>\n\n\n\n<p>Die \u00d6ffnung der Kindertagesst\u00e4tten und Schulen zum 26. April 2021 ist aus Sicht der Stadt Gera nicht vertretbar. Der Sieben-Tage-Wert liegt mit Stand 21. April 2021 bei 315,7. Seit dem 19. M\u00e4rz 2021 wurde der Risikowert von 200 in der kreisfreien Stadt Gera dauerhaft \u00fcberschritten. Trotz Schlie\u00dfung von Kindertagesst\u00e4tten und Schulen seit dem 23. M\u00e4rz 2021 zeigen sich weiterhin hohe Werte. In sieben Kindereinrichtungen und einer Schule gibt es gegenw\u00e4rtig einzelne positive F\u00e4lle und damit verbundene Quarant\u00e4neanordnungen.<\/p>\n\n\n\n<p>Die Allgemeinverf\u00fcgung wird in einem Sonderamtsblatt ver\u00f6ffentlicht und ist zudem unter \u201e<a href=\"http:\/\/www.corona.gera.de\">www.corona.gera.de<\/a>\u201c nachzulesen.<\/p>\n\n\n\n<p>QUELLE: STADTVERWALTUNG<\/p>\n","protected":false},"excerpt":{"rendered":"<div class=\"mh-excerpt\"><p>Schulen und Kinderg\u00e4rten d\u00fcrfen weiterhin keinen Pr\u00e4senzdienst anbieten. Eine Allgemeinverf\u00fcgung hierzu tritt am 26. April 2021 in Kraft. Sie gilt bis zum 9. Mai 2021. Die Stadt Gera erl\u00e4sst erneut eine Allgemeinverf\u00fcgung zum Vollzug des <a class=\"mh-excerpt-more\" href=\"https:\/\/www.studiogera.de\/001\/2021\/04\/21\/allgemeinverfuegung-wird-bis-9-mai-2021-verlaengert\/\" title=\"ALLGEMEINVERF\u00dcGUNG WIRD BIS 9. MAI 2021 VERL\u00c4NGERT\">[&#8230;]<\/a><\/p>\n<\/div>","protected":false},"author":2,"featured_media":11801,"comment_status":"open","ping_status":"open","sticky":false,"template":"","format":"standard","meta":{"footnotes":""},"categories":[3],"tags":[],"class_list":{"0":"post-14873","1":"post","2":"type-post","3":"status-publish","4":"format-standard","5":"has-post-thumbnail","7":"category-lokal"},"_links":{"self":[{"href":"https:\/\/www.studiogera.de\/001\/wp-json\/wp\/v2\/posts\/14873","targetHints":{"allow":["GET"]}}],"collection":[{"href":"https:\/\/www.studiogera.de\/001\/wp-json\/wp\/v2\/posts"}],"about":[{"href":"https:\/\/www.studiogera.de\/001\/wp-json\/wp\/v2\/types\/post"}],"author":[{"embeddable":true,"href":"https:\/\/www.studiogera.de\/001\/wp-json\/wp\/v2\/users\/2"}],"replies":[{"embeddable":true,"href":"https:\/\/www.studiogera.de\/001\/wp-json\/wp\/v2\/comments?post=14873"}],"version-history":[{"count":1,"href":"https:\/\/www.studiogera.de\/001\/wp-json\/wp\/v2\/posts\/14873\/revisions"}],"predecessor-version":[{"id":14874,"href":"https:\/\/www.studiogera.de\/001\/wp-json\/wp\/v2\/posts\/14873\/revisions\/14874"}],"wp:featuredmedia":[{"embeddable":true,"href":"https:\/\/www.studiogera.de\/001\/wp-json\/wp\/v2\/media\/11801"}],"wp:attachment":[{"href":"https:\/\/www.studiogera.de\/001\/wp-json\/wp\/v2\/media?parent=14873"}],"wp:term":[{"taxonomy":"category","embeddable":true,"href":"https:\/\/www.studiogera.de\/001\/wp-json\/wp\/v2\/categories?post=14873"},{"taxonomy":"post_tag","embeddable":true,"href":"https:\/\/www.studiogera.de\/001\/wp-json\/wp\/v2\/tags?post=14873"}],"curies":[{"name":"wp","href":"https:\/\/api.w.org\/{rel}","templated":true}]}}