{"id":14875,"date":"2021-04-24T09:49:28","date_gmt":"2021-04-24T07:49:28","guid":{"rendered":"http:\/\/www.studiogera.de\/001\/?p=14875"},"modified":"2021-04-24T09:49:29","modified_gmt":"2021-04-24T07:49:29","slug":"die-corona-situation-am-24-april-2021","status":"publish","type":"post","link":"https:\/\/www.studiogera.de\/001\/2021\/04\/24\/die-corona-situation-am-24-april-2021\/","title":{"rendered":"DIE CORONA-SITUATION AM 24. APRIL 2021"},"content":{"rendered":"\n<p>Angegeben sind die Werte des RKI, berechnet aus den gez\u00e4hlten positiven Befunden der vergangenen sieben Tage, bezogen auf 100\u2019000 Einwohner (Sieben-Tage-Wert):<\/p>\n\n\n\n<p>Deutschland: 164,4<br>Th\u00fcringen: 219,3<br>Stadtkreis Gera: 272,8<br>Landkreis Greiz: 299,8<\/p>\n\n\n\n<p>Liegt der Wert bei 100, erhielt in den zur\u00fcckliegenden sieben Tagen eine Person von 1000 ein positives Testergebnis. Tagesaktuell hatten 0,37 % der Einwohner Deutschlands ein positives Testergebnis.<\/p>\n\n\n\n<p>Das RKI wertet alle labordiagnostischen Nachweise von SARS-CoV-2 als Covid-19-F\u00e4lle, unabh\u00e4ngig vom Vorhandensein oder der Auspr\u00e4gung der klinischen Symptomatik. In den meisten F\u00e4llen treten keine Symptome auf, seltener leichte Erk\u00e4ltungszeichen.<\/p>\n\n\n\n<p>In Gera ist laut Stadtverwaltung \u201eweiterhin keine Entspannung in der Corona-Pandemie in Sicht\u201c, obwohl die Sterbezahlen r\u00fcckl\u00e4ufig sind. Allein im April seien 35 Menschen gestorben. Angegeben werden 479 aktive F\u00e4lle zum 23. April 2021. Davon h\u00e4tten mehr als 63 % keine Angaben dazu machen k\u00f6nnen, wo ihre Ansteckung herr\u00fchre. 14,4 % h\u00e4tten sich im famili\u00e4ren Umfeld, 10,2 % im privaten Umfeld infiziert. 9,2 % der Ansteckungen f\u00e4nden in Schulen oder Kinderg\u00e4rten statt. In Senioren- und Pflegeeinrichtungen, im beruflichen Umfeld sowie in Gesundheitseinrichtungen h\u00e4tten sich weniger als 2 % der 479 F\u00e4lle angesteckt.<\/p>\n\n\n\n<p>Am 22. April 2021 wurden in Gera 1120 Sch\u00fcler betreut. Dies entspricht 23,13 %. Mehr als 50 % der Kindergartenkinder, n\u00e4mlich insgesamt 2115, nahmen ebenfalls die Notbetreuung in Anspruch. Sieben Kindertageseinrichtungen und vier Schulen in Gera sind von Quarant\u00e4neanordnungen betroffen. Im Geraer SRH-Klinikum sind seit der 16. Kalenderwoche Soldaten der Bundeswehr im Einsatz.<\/p>\n\n\n\n<p>Laut Mitteilung des Landesamtes f\u00fcr Statistik sinken die Sterbefallzahlen. Nachdem bereits im Februar 2021 in Th\u00fcringen mit rund 2850 Sterbef\u00e4llen ein deutlicher R\u00fcckgang der Sterbefallzahlen im Vergleich zum Januar 2021 mit rund 3950 F\u00e4llen zu beobachten war (minus 1095 Sterbef\u00e4lle bzw. minus 27,8 %), sind die Sterbefallzahlen auch im M\u00e4rz 2021 weiter gesunken.<\/p>\n\n\n\n<p>In Deutschland hatten am 23. April laut DIVI-Tagesreport 5054 intensivmedizinisch behandelte Patienten ein positives Testergebnis. Vor viereinhalb Monaten, am 2. Dezember 2020, waren es 3957 Patienten. Die Gesamtbelegungszahl der ITS-Betten wird mit 21\u2019072 am 23. April 2021 und 22\u2019270 am 2. Dezember 2020 angegeben. Erfasst wurden deutschlandweit 1279 bzw. 1287 Krankenhaus-Standorte.<\/p>\n","protected":false},"excerpt":{"rendered":"<div class=\"mh-excerpt\"><p>Angegeben sind die Werte des RKI, berechnet aus den gez\u00e4hlten positiven Befunden der vergangenen sieben Tage, bezogen auf 100\u2019000 Einwohner (Sieben-Tage-Wert): Deutschland: 164,4Th\u00fcringen: 219,3Stadtkreis Gera: 272,8Landkreis Greiz: 299,8 Liegt der Wert bei 100, erhielt in <a class=\"mh-excerpt-more\" href=\"https:\/\/www.studiogera.de\/001\/2021\/04\/24\/die-corona-situation-am-24-april-2021\/\" title=\"DIE CORONA-SITUATION AM 24. APRIL 2021\">[&#8230;]<\/a><\/p>\n<\/div>","protected":false},"author":2,"featured_media":14677,"comment_status":"open","ping_status":"open","sticky":false,"template":"","format":"standard","meta":{"footnotes":""},"categories":[16],"tags":[],"class_list":{"0":"post-14875","1":"post","2":"type-post","3":"status-publish","4":"format-standard","5":"has-post-thumbnail","7":"category-kurzmitteilungen"},"_links":{"self":[{"href":"https:\/\/www.studiogera.de\/001\/wp-json\/wp\/v2\/posts\/14875","targetHints":{"allow":["GET"]}}],"collection":[{"href":"https:\/\/www.studiogera.de\/001\/wp-json\/wp\/v2\/posts"}],"about":[{"href":"https:\/\/www.studiogera.de\/001\/wp-json\/wp\/v2\/types\/post"}],"author":[{"embeddable":true,"href":"https:\/\/www.studiogera.de\/001\/wp-json\/wp\/v2\/users\/2"}],"replies":[{"embeddable":true,"href":"https:\/\/www.studiogera.de\/001\/wp-json\/wp\/v2\/comments?post=14875"}],"version-history":[{"count":1,"href":"https:\/\/www.studiogera.de\/001\/wp-json\/wp\/v2\/posts\/14875\/revisions"}],"predecessor-version":[{"id":14876,"href":"https:\/\/www.studiogera.de\/001\/wp-json\/wp\/v2\/posts\/14875\/revisions\/14876"}],"wp:featuredmedia":[{"embeddable":true,"href":"https:\/\/www.studiogera.de\/001\/wp-json\/wp\/v2\/media\/14677"}],"wp:attachment":[{"href":"https:\/\/www.studiogera.de\/001\/wp-json\/wp\/v2\/media?parent=14875"}],"wp:term":[{"taxonomy":"category","embeddable":true,"href":"https:\/\/www.studiogera.de\/001\/wp-json\/wp\/v2\/categories?post=14875"},{"taxonomy":"post_tag","embeddable":true,"href":"https:\/\/www.studiogera.de\/001\/wp-json\/wp\/v2\/tags?post=14875"}],"curies":[{"name":"wp","href":"https:\/\/api.w.org\/{rel}","templated":true}]}}