{"id":14946,"date":"2021-04-29T17:01:00","date_gmt":"2021-04-29T15:01:00","guid":{"rendered":"http:\/\/www.studiogera.de\/001\/?p=14946"},"modified":"2021-04-29T12:03:21","modified_gmt":"2021-04-29T10:03:21","slug":"buergertests-am-tierpark-ab-1-mai-2021","status":"publish","type":"post","link":"https:\/\/www.studiogera.de\/001\/2021\/04\/29\/buergertests-am-tierpark-ab-1-mai-2021\/","title":{"rendered":"B\u00dcRGERTESTS AM TIERPARK AB 1. MAI 2021"},"content":{"rendered":"\n<p>Ab dem 1. Mai bietet eine mobile Testgruppe B\u00fcrgertests am Tierpark an. Dies ist ein Angebot der Ambulanten Medizinischen Versorgung von Dr. med. Kielstein.<\/p>\n\n\n\n<p>Das Angebot soll den B\u00fcrgern t\u00e4glich von 9 Uhr bis 17 Uhr zur Verf\u00fcgung stehen. Die Schnelltests sind f\u00fcr die B\u00fcrger kostenfrei. Eine Bescheinigung \u00fcber das Ergebnis wird jeder getesteten Person ausgeh\u00e4ndigt. Die Testm\u00f6glichkeit ist am unteren Eingang des Tierparks am Martinsgrund zu finden.<\/p>\n\n\n\n<p>Seit dem 24. April 2021 m\u00fcssen Besucher des Tierparks ab Vollendung des sechsten Lebensjahres ein negatives Corona-Testergebnis vorlegen. Der Test darf nicht \u00e4lter als 24 Stunden sein und muss professionell, z. B. als B\u00fcrgertest, durchgef\u00fchrt werden. Ein Selbsttest wird nicht anerkannt.<\/p>\n\n\n\n<p>\u201eWir freuen uns, dass das Unternehmen Dr. med. Kielstein \u2014 Ambulante Medizinische Versorgung GmbH in unmittelbarer N\u00e4he zum Tierpark die B\u00fcrgertests anbietet, um zum einen den Besuch des Tierparks unter Einhaltung der aktuellen Hygiene- und Infektionsschutzregeln zu erm\u00f6glichen, zum anderen aber auch, um das Angebot an \u00f6ffentlichen Testm\u00f6glichkeiten zu erweitern\u201c, so Umweltamtsleiter und Verantwortlicher f\u00fcr den Geraer Tierpark, Konrad Nickschick.<\/p>\n\n\n\n<p>Wer den Tierpark besuchen m\u00f6chte, ben\u00f6tigt neben dem Testergebnis auch weiterhin das Formular zur Besucherregistrierung, welches auch im Vorfeld ausgef\u00fcllt und ausgedruckt werden kann. Das Formular und alle weiteren Informationen dazu finden Sie im Datennetz unter der Adresse \u201ehttp:\/\/tierpark.gera.de\u201c.<\/p>\n","protected":false},"excerpt":{"rendered":"<div class=\"mh-excerpt\"><p>Ab dem 1. Mai bietet eine mobile Testgruppe B\u00fcrgertests am Tierpark an. Dies ist ein Angebot der Ambulanten Medizinischen Versorgung von Dr. med. Kielstein. Das Angebot soll den B\u00fcrgern t\u00e4glich von 9 Uhr bis 17 <a class=\"mh-excerpt-more\" href=\"https:\/\/www.studiogera.de\/001\/2021\/04\/29\/buergertests-am-tierpark-ab-1-mai-2021\/\" title=\"B\u00dcRGERTESTS AM TIERPARK AB 1. MAI 2021\">[&#8230;]<\/a><\/p>\n<\/div>","protected":false},"author":2,"featured_media":14801,"comment_status":"open","ping_status":"open","sticky":false,"template":"","format":"standard","meta":{"footnotes":""},"categories":[16],"tags":[],"class_list":{"0":"post-14946","1":"post","2":"type-post","3":"status-publish","4":"format-standard","5":"has-post-thumbnail","7":"category-kurzmitteilungen"},"_links":{"self":[{"href":"https:\/\/www.studiogera.de\/001\/wp-json\/wp\/v2\/posts\/14946","targetHints":{"allow":["GET"]}}],"collection":[{"href":"https:\/\/www.studiogera.de\/001\/wp-json\/wp\/v2\/posts"}],"about":[{"href":"https:\/\/www.studiogera.de\/001\/wp-json\/wp\/v2\/types\/post"}],"author":[{"embeddable":true,"href":"https:\/\/www.studiogera.de\/001\/wp-json\/wp\/v2\/users\/2"}],"replies":[{"embeddable":true,"href":"https:\/\/www.studiogera.de\/001\/wp-json\/wp\/v2\/comments?post=14946"}],"version-history":[{"count":1,"href":"https:\/\/www.studiogera.de\/001\/wp-json\/wp\/v2\/posts\/14946\/revisions"}],"predecessor-version":[{"id":14947,"href":"https:\/\/www.studiogera.de\/001\/wp-json\/wp\/v2\/posts\/14946\/revisions\/14947"}],"wp:featuredmedia":[{"embeddable":true,"href":"https:\/\/www.studiogera.de\/001\/wp-json\/wp\/v2\/media\/14801"}],"wp:attachment":[{"href":"https:\/\/www.studiogera.de\/001\/wp-json\/wp\/v2\/media?parent=14946"}],"wp:term":[{"taxonomy":"category","embeddable":true,"href":"https:\/\/www.studiogera.de\/001\/wp-json\/wp\/v2\/categories?post=14946"},{"taxonomy":"post_tag","embeddable":true,"href":"https:\/\/www.studiogera.de\/001\/wp-json\/wp\/v2\/tags?post=14946"}],"curies":[{"name":"wp","href":"https:\/\/api.w.org\/{rel}","templated":true}]}}