{"id":15001,"date":"2021-05-03T23:09:45","date_gmt":"2021-05-03T21:09:45","guid":{"rendered":"http:\/\/www.studiogera.de\/001\/?p=15001"},"modified":"2021-05-03T23:09:46","modified_gmt":"2021-05-03T21:09:46","slug":"mehr-klimaschutz-und-weniger-freiheitsrechte","status":"publish","type":"post","link":"https:\/\/www.studiogera.de\/001\/2021\/05\/03\/mehr-klimaschutz-und-weniger-freiheitsrechte\/","title":{"rendered":"MEHR KLIMASCHUTZ UND WENIGER FREIHEITSRECHTE"},"content":{"rendered":"\n<p>Am 21. April 2021 einigten sich Unterh\u00e4ndler der EU auf eine noch st\u00e4rkere Reduktion sogenannter Treibhausgase. Bis zum Jahre 2030 soll der Aussto\u00df nun um mindestens 55 % unter den Wert des Jahres 1990 gesenkt werden. Am 29. April 2021 entschied das Bundesverfassungsgericht, dass das Ende 2019 verabschiedete Gesetz zum Klimaschutz gegen das Grundgesetz verst\u00f6\u00dft. Damals hatten Bundestag und Bundesrat dem Klimapaket der Bundesregierung zugestimmt, dessen wesentlicher Bestandteil das Klimaschutzgesetz ist. Bis zum Jahre 2050 soll die CO\u2082-Bilanz neutral sein.<\/p>\n\n\n\n<p>Gem\u00e4\u00df dem Urteil des Bundesverfassungsgerichts reicht das Bundesgesetz nicht aus, um die Klimaziele zu erreichen. Der Gesetzgeber muss bis Ende 2022 die Reduktionsziele f\u00fcr die Zeit nach dem Jahr 2030 n\u00e4her regeln.<\/p>\n\n\n\n<p>Gro\u00dfe Teile des Emissionskontingents w\u00fcrden bereits in der Zeit bis 2030 aufgebraucht. Dadurch entfalle auf die heutige Generation eine geringere Reduktionslast, auf die k\u00fcnftige aber eine deutlich h\u00f6here. Das f\u00fchre zu einer unverh\u00e4ltnism\u00e4\u00dfigen Verteilung der Freiheitsrechte. Geklagt hatten unter anderem Teilnehmer der Bewegung \u201eFridays for Future\u201c.<\/p>\n\n\n\n<p>Als Folge des Urteils k\u00f6nnten erhebliche Freiheitseinschr\u00e4nkungen in vielen Lebensbereichen k\u00fcnftig verh\u00e4ltnism\u00e4\u00dfig und verfassungskonform sein.<\/p>\n\n\n\n<p>Die Bundesregierung will noch in dieser Legislaturperiode einen Gesetzesentwurf vorlegen, mit dem die Kernpunkte des Urteils umgesetzt werden sollen. Die neuen Ziele der Europ\u00e4ischen Union werden in der nachfolgenden Legislaturperiode angegangen. Die Partei B\u00fcndnis &#8217;90\/Die Gr\u00fcnen fordert sogar eine Reduktion der Treibhausgase um 70 % bis zum Jahre 2030. Einen Vergleich mit dem Shutdown im Fr\u00fchjahr 2020 zog der Meteorologe und Klimaforscher Professor Doktor Mojib Latif. Seiner Einsch\u00e4tzung nach habe sich der CO\u2082-Gehalt nur um h\u00f6chstens acht Prozent im Vergleich zum Vorjahr verringert.<\/p>\n\n\n\n<p>Kritiker warnen vor einer neuen Phase von Grundrechtsbeschr\u00e4nkungen. W\u00fcrden CO\u2082-Werte mit dieser Zielsetzung \u00fcber das Ausma\u00df menschlicher Aktivit\u00e4ten entscheiden, werde man bei gleicher Bev\u00f6lkerungszahl nur geringe Aktionsradien haben und kaum mehr d\u00fcrfen als arbeiten, essen und schlafen.<\/p>\n\n\n\n<figure class=\"wp-block-embed is-type-wp-embed is-provider-gera wp-block-embed-gera\"><div class=\"wp-block-embed__wrapper\">\n<blockquote class=\"wp-embedded-content\" data-secret=\"ORq3g6t9fC\"><a href=\"https:\/\/www.studiogera.de\/001\/2021\/04\/05\/welche-folgen-hat-die-derzeitige-klimapolitik\/\">WELCHE FOLGEN HAT DIE DERZEITIGE KLIMAPOLITIK?<\/a><\/blockquote><iframe loading=\"lazy\" class=\"wp-embedded-content\" sandbox=\"allow-scripts\" security=\"restricted\" style=\"position: absolute; clip: rect(1px, 1px, 1px, 1px);\" title=\"&#8222;WELCHE FOLGEN HAT DIE DERZEITIGE KLIMAPOLITIK?&#8220; &#8212; GERA\" src=\"https:\/\/www.studiogera.de\/001\/2021\/04\/05\/welche-folgen-hat-die-derzeitige-klimapolitik\/embed\/#?secret=38B7c55nn3#?secret=ORq3g6t9fC\" data-secret=\"ORq3g6t9fC\" width=\"500\" height=\"282\" frameborder=\"0\" marginwidth=\"0\" marginheight=\"0\" scrolling=\"no\"><\/iframe>\n<\/div><\/figure>\n","protected":false},"excerpt":{"rendered":"<div class=\"mh-excerpt\"><p>Am 21. April 2021 einigten sich Unterh\u00e4ndler der EU auf eine noch st\u00e4rkere Reduktion sogenannter Treibhausgase. Bis zum Jahre 2030 soll der Aussto\u00df nun um mindestens 55 % unter den Wert des Jahres 1990 gesenkt <a class=\"mh-excerpt-more\" href=\"https:\/\/www.studiogera.de\/001\/2021\/05\/03\/mehr-klimaschutz-und-weniger-freiheitsrechte\/\" title=\"MEHR KLIMASCHUTZ UND WENIGER FREIHEITSRECHTE\">[&#8230;]<\/a><\/p>\n<\/div>","protected":false},"author":2,"featured_media":15002,"comment_status":"open","ping_status":"open","sticky":false,"template":"","format":"standard","meta":{"footnotes":""},"categories":[1],"tags":[],"class_list":{"0":"post-15001","1":"post","2":"type-post","3":"status-publish","4":"format-standard","5":"has-post-thumbnail","7":"category-vermischtes"},"_links":{"self":[{"href":"https:\/\/www.studiogera.de\/001\/wp-json\/wp\/v2\/posts\/15001","targetHints":{"allow":["GET"]}}],"collection":[{"href":"https:\/\/www.studiogera.de\/001\/wp-json\/wp\/v2\/posts"}],"about":[{"href":"https:\/\/www.studiogera.de\/001\/wp-json\/wp\/v2\/types\/post"}],"author":[{"embeddable":true,"href":"https:\/\/www.studiogera.de\/001\/wp-json\/wp\/v2\/users\/2"}],"replies":[{"embeddable":true,"href":"https:\/\/www.studiogera.de\/001\/wp-json\/wp\/v2\/comments?post=15001"}],"version-history":[{"count":1,"href":"https:\/\/www.studiogera.de\/001\/wp-json\/wp\/v2\/posts\/15001\/revisions"}],"predecessor-version":[{"id":15003,"href":"https:\/\/www.studiogera.de\/001\/wp-json\/wp\/v2\/posts\/15001\/revisions\/15003"}],"wp:featuredmedia":[{"embeddable":true,"href":"https:\/\/www.studiogera.de\/001\/wp-json\/wp\/v2\/media\/15002"}],"wp:attachment":[{"href":"https:\/\/www.studiogera.de\/001\/wp-json\/wp\/v2\/media?parent=15001"}],"wp:term":[{"taxonomy":"category","embeddable":true,"href":"https:\/\/www.studiogera.de\/001\/wp-json\/wp\/v2\/categories?post=15001"},{"taxonomy":"post_tag","embeddable":true,"href":"https:\/\/www.studiogera.de\/001\/wp-json\/wp\/v2\/tags?post=15001"}],"curies":[{"name":"wp","href":"https:\/\/api.w.org\/{rel}","templated":true}]}}