{"id":15085,"date":"2021-05-12T12:31:03","date_gmt":"2021-05-12T10:31:03","guid":{"rendered":"http:\/\/www.studiogera.de\/001\/?p=15085"},"modified":"2021-05-12T12:31:04","modified_gmt":"2021-05-12T10:31:04","slug":"bundeskabinett-verabschiedet-neues-klimaschutzgesetz","status":"publish","type":"post","link":"https:\/\/www.studiogera.de\/001\/2021\/05\/12\/bundeskabinett-verabschiedet-neues-klimaschutzgesetz\/","title":{"rendered":"BUNDESKABINETT VERABSCHIEDET NEUES KLIMASCHUTZGESETZ"},"content":{"rendered":"\n<p>Die Bundesregierung plant weitreichende Ma\u00dfnahmen zur Reduktion sogenannter Treibhausgase. Mit neuen Zielen soll Deutschland an die Spitze der industriellen Welt gebracht werden, was den R\u00fcckgang anbelangt. Hierzu hat das Bundeskabinett am 12. Mai 2021 eine \u00c4nderung des Klimaschutzgesetzes beschlossen. Notwendig geworden war diese nach einem Urteil des Bundesverfassungsgerichts. Es bezog sich im Wesentlichen auf die ungleiche Lastenverteilung bei der Reduktion und forderte eine genauere Regelung f\u00fcr die Zeit nach dem Jahre 2030.<\/p>\n\n\n\n<p>Gem\u00e4\u00df der neuen Fassung muss die Klimaneutralit\u00e4t bereits im Jahre 2045 erreicht werden, anstatt 2050. Bis zum Jahre 2030 sollen die Emissionen um 65 % unter dem Niveau von 1990 sinken. Das entspricht mit etwa 125 Millionen Tonnen CO\u2082 dem, was alle Geb\u00e4ude in Deutschland zusammen emittieren, schreibt die S\u00fcddeutsche Zeitung in ihrer Ausgabe vom 6. Mai 2021. Bislang war eine Senkung um 55 % festgeschrieben.<\/p>\n\n\n\n<p>F\u00fcr die sechs Sektoren Industrie, Energiewirtschaft, Geb\u00e4ude, Verkehr, Landwirtschaft und Abfall wurden feste CO\u2082-Budgets festgelegt. Die Reduktion bezieht sich auch auf andere klimasch\u00e4dliche Gase. Die gr\u00f6\u00dften Einsparungen entfallen bis zum Jahre 2030 auf den Energiesektor.<\/p>\n\n\n\n<p>Beobachter rechnen nach der Bundestagswahl mit schwerwiegenden Eingriffen in allen Lebensbereichen. Denn das Urteil des Bundesverfassungsgerichtes erm\u00f6gliche es sogar, dass die Reduktionen auch durch gravierende Freiheitsbeschr\u00e4nkungen erreicht werden k\u00f6nnen. Zudem werde man die Laufzeit der Kohlekraftwerke deutlich verringern m\u00fcssen. Die Energiepolitik f\u00fchre zu einem erheblichen Anstieg der Lebenshaltungskosten und einer neuen Reduktionsmentalit\u00e4t, w\u00e4hrend gleichzeitig die Kapitalstr\u00f6me weltweit neu ausgerichtet w\u00fcrden.<\/p>\n","protected":false},"excerpt":{"rendered":"<div class=\"mh-excerpt\"><p>Die Bundesregierung plant weitreichende Ma\u00dfnahmen zur Reduktion sogenannter Treibhausgase. Mit neuen Zielen soll Deutschland an die Spitze der industriellen Welt gebracht werden, was den R\u00fcckgang anbelangt. Hierzu hat das Bundeskabinett am 12. Mai 2021 eine <a class=\"mh-excerpt-more\" href=\"https:\/\/www.studiogera.de\/001\/2021\/05\/12\/bundeskabinett-verabschiedet-neues-klimaschutzgesetz\/\" title=\"BUNDESKABINETT VERABSCHIEDET NEUES KLIMASCHUTZGESETZ\">[&#8230;]<\/a><\/p>\n<\/div>","protected":false},"author":2,"featured_media":1033,"comment_status":"open","ping_status":"open","sticky":false,"template":"","format":"standard","meta":{"footnotes":""},"categories":[2],"tags":[],"class_list":{"0":"post-15085","1":"post","2":"type-post","3":"status-publish","4":"format-standard","5":"has-post-thumbnail","7":"category-weltweit"},"_links":{"self":[{"href":"https:\/\/www.studiogera.de\/001\/wp-json\/wp\/v2\/posts\/15085","targetHints":{"allow":["GET"]}}],"collection":[{"href":"https:\/\/www.studiogera.de\/001\/wp-json\/wp\/v2\/posts"}],"about":[{"href":"https:\/\/www.studiogera.de\/001\/wp-json\/wp\/v2\/types\/post"}],"author":[{"embeddable":true,"href":"https:\/\/www.studiogera.de\/001\/wp-json\/wp\/v2\/users\/2"}],"replies":[{"embeddable":true,"href":"https:\/\/www.studiogera.de\/001\/wp-json\/wp\/v2\/comments?post=15085"}],"version-history":[{"count":1,"href":"https:\/\/www.studiogera.de\/001\/wp-json\/wp\/v2\/posts\/15085\/revisions"}],"predecessor-version":[{"id":15086,"href":"https:\/\/www.studiogera.de\/001\/wp-json\/wp\/v2\/posts\/15085\/revisions\/15086"}],"wp:featuredmedia":[{"embeddable":true,"href":"https:\/\/www.studiogera.de\/001\/wp-json\/wp\/v2\/media\/1033"}],"wp:attachment":[{"href":"https:\/\/www.studiogera.de\/001\/wp-json\/wp\/v2\/media?parent=15085"}],"wp:term":[{"taxonomy":"category","embeddable":true,"href":"https:\/\/www.studiogera.de\/001\/wp-json\/wp\/v2\/categories?post=15085"},{"taxonomy":"post_tag","embeddable":true,"href":"https:\/\/www.studiogera.de\/001\/wp-json\/wp\/v2\/tags?post=15085"}],"curies":[{"name":"wp","href":"https:\/\/api.w.org\/{rel}","templated":true}]}}