{"id":15192,"date":"2021-05-22T19:25:14","date_gmt":"2021-05-22T17:25:14","guid":{"rendered":"http:\/\/www.studiogera.de\/001\/?p=15192"},"modified":"2021-05-22T22:12:23","modified_gmt":"2021-05-22T20:12:23","slug":"die-mission-der-fuehrungskraefte-von-morgen","status":"publish","type":"post","link":"https:\/\/www.studiogera.de\/001\/2021\/05\/22\/die-mission-der-fuehrungskraefte-von-morgen\/","title":{"rendered":"DIE MISSION DER F\u00dcHRUNGSKR\u00c4FTE VON MORGEN"},"content":{"rendered":"\n<p>F\u00fchrungskr\u00e4fte von Morgen bereiten sich schon heute auf ihre k\u00fcnftige Mission vor und lassen sich darin unterweisen, Talent und Einfluss nutzen, um als \u201evision\u00e4re globale Ver\u00e4nderer\u201c die Zukunft zu gestalten. Helfen kann ihnen dabei ein Programm des Weltwirtschaftsforums.<\/p>\n\n\n\n<p>Das Global-Leadership-Fellows-Programm ist ein mehrj\u00e4hriges Programm, das intensive Erfahrungen am Arbeitsplatz, einen innovativen Lehrplan, personalisiertes Coaching und Mentoring sowie den Zugang zu einem umfangreichen Netzwerk von Alumni kombiniert.<\/p>\n\n\n\n<p>Pers\u00f6nlichkeiten, die F\u00fchrungsqualit\u00e4ten besitzen, komplexe, dynamische Systeme verstehen und steuern k\u00f6nnen, um die Herausforderungen der Zukunft anzugehen, werden ausgew\u00e4hlt und trainiert. Bei der Systemf\u00fchrung geht es darum, eine gemeinsame Vision f\u00fcr Ver\u00e4nderungen zu entwickeln. Es sollen Innovationen und Ma\u00dfnahmen gef\u00f6rdert werden, die auf gegenseitige Rechenschaftspflicht und Zusammenarbeit beruhen.<\/p>\n\n\n\n<p>Die Stipendiaten kommen aus Wirtschaft, Regierung, Zivilgesellschaft, internationalen Organisationen und der Wissenschaft. Allen gemein sind eine gute Ausbildung und F\u00fchrungsqualit\u00e4ten.<\/p>\n\n\n\n<p><a href=\"https:\/\/www.weforum.org\/communitys\/global-leadership-fellows\">https:\/\/www.weforum.org\/communitys\/global-leadership-fellows<\/a><\/p>\n\n\n\n<p>Seit dem Jahre 2020 geh\u00f6rt beispielsweise auch die deutsche Politikerin Annalena Baerbock zu den aktiven Teilnehmern des Global-Leadership-Fellows-Programm. Nach Abschluss des Trainingsprogramms kann man eingeladen werden, sich der Alumni-Gemeinschaft anzuschlie\u00dfen, \u201eum sich weiterhin f\u00fcr das Weltwirtschaftsforum zu engagieren\u201c, an Alumni-Veranstaltungen teilzunehmen und neue Programm-Teilnehmer zu unterst\u00fctzen. \u201eAlumna\u201c bedeutet soviel wie \u201eZ\u00f6gling\u201c. Das Weltwirtschaftsforum gab zum Zeitpunkt 22. Mai 2021 insgesamt 199 Alumni an. Dazu geh\u00f6rt neben dem franz\u00f6sischen Staatspr\u00e4sidenten Emmanuel Macron auch Gesundheitsminister Jens Spahn, sowie Facebook-Gr\u00fcnder Mark Zuckerberg aus den USA. Sie alle fungieren als \u201eStewards\u201c des Forums junger globaler F\u00fchrungskr\u00e4fte, helfen bei der Identifizierung neuer Programm-Teilnehmer und betreuen neue Mitglieder.<\/p>\n\n\n\n<p><a href=\"https:\/\/www.younggloballeaders.org\">https:\/\/www.younggloballeaders.org<\/a><\/p>\n\n\n\n<p>Diese Gemeinschaft, das sogenannte \u201eForum of Young Global Leaders\u201c, besch\u00e4ftigt sich mit der \u201eGestaltung der Zukunft\u201c und \u201ebringt herausragende Pers\u00f6nlichkeiten mit einer starken Hingabe und Loyalit\u00e4t gegen\u00fcber der Mission und den Werten des Forums zusammen\u201c. In \u201e\u00dcbereinstimmung mit der Mission des Weltwirtschaftsforums\u201c will man die \u00f6ffentlich-private Zusammenarbeit im globalen \u00f6ffentlichen Interesse vorantreiben. Dabei sollen die ausgebildeten Teilnehmer \u201eihr Talent und ihren Einfluss\u201c nutzen und \u201evision\u00e4re globale Ver\u00e4nderer\u201c sein.<\/p>\n\n\n\n<p>Die Alumni profitieren von exklusiven Netzwerk-M\u00f6glichkeiten, Einsichten und Informationen, sowie der Verbindung zum Forum und seinen Ressourcen. Das Schl\u00fcsselereignis ist das allj\u00e4hrlichen Alumni-Treffen. Es findet im Herbst statt und ist eine wichtige Netzwerk- und Lernplattform.<\/p>\n\n\n\n<p>Das Global-Leadership-Fellows-Programm besteht aus vier Lernmodulen zur Entwicklung von F\u00fchrungskr\u00e4ften \u2014 einem \u201eAkademischen Modul\u201c, einem \u201eCoaching\u201c, dem \u201eLernen am Arbeitsplatz\u201c und dem \u201eKontakt zu f\u00fchrenden Pers\u00f6nlichkeiten der Welt\u201c. Damit gemeint sind hochrangige politische, wirtschaftliche, intellektuelle und spirituelle F\u00fchrungskr\u00e4fte und Einflussfaktoren.<\/p>\n\n\n\n<p>Ins Leben gerufen wurde das \u201eForum of Young Global Leaders\u201c im Jahre 2004 von Klaus Schwab, den Gr\u00fcnder des Weltwirtschaftsforums.<\/p>\n\n\n\n<p>QUELLE: WORLD ECONOMIC FORUM<\/p>\n","protected":false},"excerpt":{"rendered":"<div class=\"mh-excerpt\"><p>F\u00fchrungskr\u00e4fte von Morgen bereiten sich schon heute auf ihre k\u00fcnftige Mission vor und lassen sich darin unterweisen, Talent und Einfluss nutzen, um als \u201evision\u00e4re globale Ver\u00e4nderer\u201c die Zukunft zu gestalten. Helfen kann ihnen dabei ein <a class=\"mh-excerpt-more\" href=\"https:\/\/www.studiogera.de\/001\/2021\/05\/22\/die-mission-der-fuehrungskraefte-von-morgen\/\" title=\"DIE MISSION DER F\u00dcHRUNGSKR\u00c4FTE VON MORGEN\">[&#8230;]<\/a><\/p>\n<\/div>","protected":false},"author":2,"featured_media":15193,"comment_status":"open","ping_status":"open","sticky":false,"template":"","format":"standard","meta":{"footnotes":""},"categories":[6],"tags":[],"class_list":{"0":"post-15192","1":"post","2":"type-post","3":"status-publish","4":"format-standard","5":"has-post-thumbnail","7":"category-gesellschaft"},"_links":{"self":[{"href":"https:\/\/www.studiogera.de\/001\/wp-json\/wp\/v2\/posts\/15192","targetHints":{"allow":["GET"]}}],"collection":[{"href":"https:\/\/www.studiogera.de\/001\/wp-json\/wp\/v2\/posts"}],"about":[{"href":"https:\/\/www.studiogera.de\/001\/wp-json\/wp\/v2\/types\/post"}],"author":[{"embeddable":true,"href":"https:\/\/www.studiogera.de\/001\/wp-json\/wp\/v2\/users\/2"}],"replies":[{"embeddable":true,"href":"https:\/\/www.studiogera.de\/001\/wp-json\/wp\/v2\/comments?post=15192"}],"version-history":[{"count":1,"href":"https:\/\/www.studiogera.de\/001\/wp-json\/wp\/v2\/posts\/15192\/revisions"}],"predecessor-version":[{"id":15194,"href":"https:\/\/www.studiogera.de\/001\/wp-json\/wp\/v2\/posts\/15192\/revisions\/15194"}],"wp:featuredmedia":[{"embeddable":true,"href":"https:\/\/www.studiogera.de\/001\/wp-json\/wp\/v2\/media\/15193"}],"wp:attachment":[{"href":"https:\/\/www.studiogera.de\/001\/wp-json\/wp\/v2\/media?parent=15192"}],"wp:term":[{"taxonomy":"category","embeddable":true,"href":"https:\/\/www.studiogera.de\/001\/wp-json\/wp\/v2\/categories?post=15192"},{"taxonomy":"post_tag","embeddable":true,"href":"https:\/\/www.studiogera.de\/001\/wp-json\/wp\/v2\/tags?post=15192"}],"curies":[{"name":"wp","href":"https:\/\/api.w.org\/{rel}","templated":true}]}}