{"id":15208,"date":"2021-05-23T22:16:08","date_gmt":"2021-05-23T20:16:08","guid":{"rendered":"http:\/\/www.studiogera.de\/001\/?p=15208"},"modified":"2021-05-23T22:16:10","modified_gmt":"2021-05-23T20:16:10","slug":"kreativwerkstatt-fuer-analoge-und-digitale-angebote","status":"publish","type":"post","link":"https:\/\/www.studiogera.de\/001\/2021\/05\/23\/kreativwerkstatt-fuer-analoge-und-digitale-angebote\/","title":{"rendered":"KREATIVWERKSTATT F\u00dcR ANALOGE UND DIGITALE ANGEBOTE"},"content":{"rendered":"\n<p>Die Geraer Bibliothek erweitert ihren Service und bietet ab sofort digitale Maker-Space-Angebote an. Ein Maker-Space ist eine Kreativwerkstatt f\u00fcr analoge und digitale Angebote, bei denen sich B\u00fcrger selbstst\u00e4ndig bet\u00e4tigen oder an neuen Technologien ausprobieren k\u00f6nnen. Angesprochen werden mit diesem neuen Angebot alle Nutzer der Bibliothek. Zum Beginn wurde eine Digitalbar eingerichtet, an der Videos von alten VHS-Kassetten, Fotografien, Schallplatten und Musikkassetten digitalisiert werden k\u00f6nnen. Dar\u00fcber hinaus gibt es ein speziell f\u00fcr Kinder geschaffenes Robotik-Angebot, bei welchem Medienkompetenz spielerisch vermittelt wird. So k\u00f6nnen Interessierte beispielsweise mit Hilfe kleiner automatischer Bienen Programmieren lernen oder mit einem L\u00f6ffelklavier T\u00f6ne erzeugen.<\/p>\n\n\n\n<p>\u201eWir freuen uns, dass wir unsere neuen Maker-Space-Angebote mit der \u00d6ffnung der Bibliothek am 25. Mai bereits in der kommenden Woche unseren G\u00e4sten zug\u00e4nglich machen k\u00f6nnen und sind sehr gespannt darauf, wie unser neues Angebot angenommen wird\u201c, sagte Rainer Schmidt, Leiter der Geraer Stadt- und Regionalbibliothek, und f\u00fchrte weiter aus: \u201eWir werden das Angebot nat\u00fcrlich mit Blick auf aktuelle Trends st\u00e4ndig weiterentwickeln\u201c.<\/p>\n\n\n\n<p>M\u00f6glich wurde die Umsetzung der Maker-Space-Angebote durch eine Spende der Sparkassenstiftung Gera-Greiz im Wert von 3000 Euro an den Bibliotheksf\u00f6rderverein \u201eBuch und Leser e. V. Gera\u201c. \u00dcbergeben wurde der symbolische Scheck durch den Vorstandsvorsitzenden der Sparkasse Gera-Greiz, Dr. Hendrik Ziegenbein in Beisein des Geraer Oberb\u00fcrgermeisters Julian Vonarb.<\/p>\n\n\n\n<p>QUELLE: STADTVERWALTUNG<\/p>\n","protected":false},"excerpt":{"rendered":"<div class=\"mh-excerpt\"><p>Die Geraer Bibliothek erweitert ihren Service und bietet ab sofort digitale Maker-Space-Angebote an. Ein Maker-Space ist eine Kreativwerkstatt f\u00fcr analoge und digitale Angebote, bei denen sich B\u00fcrger selbstst\u00e4ndig bet\u00e4tigen oder an neuen Technologien ausprobieren k\u00f6nnen. <a class=\"mh-excerpt-more\" href=\"https:\/\/www.studiogera.de\/001\/2021\/05\/23\/kreativwerkstatt-fuer-analoge-und-digitale-angebote\/\" title=\"KREATIVWERKSTATT F\u00dcR ANALOGE UND DIGITALE ANGEBOTE\">[&#8230;]<\/a><\/p>\n<\/div>","protected":false},"author":2,"featured_media":5313,"comment_status":"open","ping_status":"open","sticky":false,"template":"","format":"standard","meta":{"footnotes":""},"categories":[8],"tags":[],"class_list":{"0":"post-15208","1":"post","2":"type-post","3":"status-publish","4":"format-standard","5":"has-post-thumbnail","7":"category-kultur"},"_links":{"self":[{"href":"https:\/\/www.studiogera.de\/001\/wp-json\/wp\/v2\/posts\/15208","targetHints":{"allow":["GET"]}}],"collection":[{"href":"https:\/\/www.studiogera.de\/001\/wp-json\/wp\/v2\/posts"}],"about":[{"href":"https:\/\/www.studiogera.de\/001\/wp-json\/wp\/v2\/types\/post"}],"author":[{"embeddable":true,"href":"https:\/\/www.studiogera.de\/001\/wp-json\/wp\/v2\/users\/2"}],"replies":[{"embeddable":true,"href":"https:\/\/www.studiogera.de\/001\/wp-json\/wp\/v2\/comments?post=15208"}],"version-history":[{"count":1,"href":"https:\/\/www.studiogera.de\/001\/wp-json\/wp\/v2\/posts\/15208\/revisions"}],"predecessor-version":[{"id":15209,"href":"https:\/\/www.studiogera.de\/001\/wp-json\/wp\/v2\/posts\/15208\/revisions\/15209"}],"wp:featuredmedia":[{"embeddable":true,"href":"https:\/\/www.studiogera.de\/001\/wp-json\/wp\/v2\/media\/5313"}],"wp:attachment":[{"href":"https:\/\/www.studiogera.de\/001\/wp-json\/wp\/v2\/media?parent=15208"}],"wp:term":[{"taxonomy":"category","embeddable":true,"href":"https:\/\/www.studiogera.de\/001\/wp-json\/wp\/v2\/categories?post=15208"},{"taxonomy":"post_tag","embeddable":true,"href":"https:\/\/www.studiogera.de\/001\/wp-json\/wp\/v2\/tags?post=15208"}],"curies":[{"name":"wp","href":"https:\/\/api.w.org\/{rel}","templated":true}]}}