{"id":15249,"date":"2021-05-26T11:16:56","date_gmt":"2021-05-26T09:16:56","guid":{"rendered":"http:\/\/www.studiogera.de\/001\/?p=15249"},"modified":"2021-05-26T11:16:57","modified_gmt":"2021-05-26T09:16:57","slug":"thueringens-theater-bereiten-sich-auf-die-freiluft-saison-vor","status":"publish","type":"post","link":"https:\/\/www.studiogera.de\/001\/2021\/05\/26\/thueringens-theater-bereiten-sich-auf-die-freiluft-saison-vor\/","title":{"rendered":"TH\u00dcRINGENS THEATER BEREITEN SICH AUF DIE FREILUFT-SAISON VOR"},"content":{"rendered":"\n<p>Deutschlandweit gehen die Corona-Zahlen zur\u00fcck; die Impfkampagne nimmt zunehmend Fahrt auf und der Sommer naht. Auch wenn einige Th\u00fcringer Landkreise und kreisfreien St\u00e4dte noch Corona-Sieben-Tage-Werte von deutlich \u00fcber 100 haben, ist die Hoffnung auf einen Th\u00fcringer Theatersommer mit Freiluft-Auff\u00fchrungen an vielen Th\u00fcringer Theaterstandorten gro\u00df.<\/p>\n\n\n\n<p><strong>Altenburg und Gera<\/strong><br>Das Theater Altenburg Gera plant unter dem Titel \u201eDas Sch\u00f6ne unter der Sonne\u201c vom 4. Juni bis zum 29. August einen umfangreichen Open-Air-Spielplan mit Auff\u00fchrungen in den Genres Oper, Operette, Musical, Schauspiel, Ballett, Konzert und Puppentheater. Gespielt werden soll \u00fcberwiegend in Gera vor der B\u00fchne am Park und im Altenburger Theaterzelt, wo ohne Seitenw\u00e4nde sogar bei schlechtem Wetter besondere Theatererlebnisse m\u00f6glich werden. Weitere Spielorte sind der Marktplatz in Altenburg und die Hofwiesenpark-B\u00fchne in Gera. Ein besonderes Highlight soll die Urauff\u00fchrung des Mystery-Musicals \u201eKrabat\u201c an der Bockwindm\u00fchle in Lumpzig werden. Am 28. Mai wird der Film \u201eDas Sch\u00f6ne unter der Sonne\u201c um 19 Uhr auf Altenburg-TV sowie auf der Website, im Youtube-Kanal und auf der Facebookseite des Theaters ver\u00f6ffentlicht. Dann wird auch das komplette Programm des Sommertheaters bekanntgegeben.<\/p>\n\n\n\n<p><strong>Weimar<\/strong><br>Ihrem Spielzeitmotto \u201eOffene Herzen\u201c folgend bereiten das Deutsche Nationaltheater und die Staatskapelle Weimar einen Sommerspielplan auf dem Gel\u00e4nde des E-Werks Weimar vor. Mit zwei Inszenierungen, \u201eWie es euch gef\u00e4llt\u201c und \u201eDie G\u00e4rtnerin aus Liebe\u201c, soll sich in den Monaten Juni, Juli, August und September ein Angebot f\u00fcr das Publikum entfalten. Diese Planung schlie\u00dft ebenfalls mehrere ma\u00dfgebliche Projekte und Auff\u00fchrungen im Rahmen des Kunstfest Weimar ein. Auch das gro\u00dfe Open-Air-Konzert der Staatskapelle im Weimarhallenpark soll am 17. Juli 2021 unter dem Titel \u201eFly Me To The Moon\u201c stattfinden.<\/p>\n\n\n\n<p><strong>Rudolstadt<\/strong><br>Um den Hunger des Publikums nach Kunst und Kultur zu stillen, plant das Theater Rudolstadt in den Sommermonaten Juni und Juli eine umfangreiche Open-Air-Saison. An diversen Orten im ganzen Landkreis Saalfeld-Rudolstadt, darunter Heidecksburg, Th\u00fcringer Bauernh\u00e4user oder Hoher Schwarm Saalfeld, sollen unter dem Slogan \u201eSommer Theater Konzert\u201c eine Vielzahl an Auff\u00fchrungen zu erleben sein. Frisch der Feder von Steffen Mensching entsprungen, verspricht etwa die Revue \u201eKomm ins Offene\u201c unterhaltsam-schr\u00e4ge Theatertherapie, w\u00e4hrend Gartenliebhaber im Programm \u201eAlles im gr\u00fcnen Bereich\u201c auf ihre Kosten kommen k\u00f6nnen. Die Sommerkonzerte der Th\u00fcringer Symphoniker, darunter auch eine halbkonzertante \u201eZauberfl\u00f6te\u201c und Operngalas, sind mit Partnern wie der Hochschule f\u00fcr Musik und Theater \u201eFelix Mendelssohn Bartholdy\u201c Leipzig, der Hochschule f\u00fcr Musik \u201eFranz Liszt\u201c Weimar und dem Lyric-Opera-Studio Weimar geplant. Mit einem eigenen Kinderliederkonzert soll es auch f\u00fcr das j\u00fcngste Publikum ein spannendes Angebot geben.<\/p>\n\n\n\n<p><strong>Erfurt<\/strong><br>Anfang Juli zeigt das Theater Erfurt eine der gr\u00f6\u00dften Frauenfiguren der Geschichte auf der sch\u00f6nsten Open Air-B\u00fchne Mitteldeutschlands: vom 9. Juli bis 1. August 2021 steht Tschaikowskis \u201eDie Jungfrau von Orleans\u201c im Mittelpunkt der diesj\u00e4hrigen Domstufen-Festspiele. Gro\u00dfe Neuerung wird die \u00dcbertragung des Orchesters via Glasfaser aus dem Gro\u00dfen Saal des Theaters auf die B\u00fchne am Dom sein. Dieser Kunstgriff erm\u00f6glicht es dem Theater, zum einen die bestehende Trib\u00fcne zu vergr\u00f6\u00dfern, zum anderen er\u00f6ffnet es die M\u00f6glichkeit, auch unter Corona Bedingungen in voller Besetzung zu spielen. Auf die jungen Festivalbesucher wartet in diesem Jahr \u201eJim Knopf und Lukas der Lokomotivf\u00fchrer\u201c mit einem Text von Katharina Tarj\u00e1n nach Michael Ende und Musik von Komponist Tobias Rokahr. Die Abenteuer von Jim Knopf, Lukas dem Lokomotivf\u00fchrer und seiner treuen Lok Emma sind ab dem 17. Juli 2021 auf den Domstufen zu erleben.<\/p>\n\n\n\n<p><strong>Sondershausen<\/strong><br>Das Theater Nordhausen kann die traditionsreichen Schlossfestspiele wieder in Sondershausen im traumhaften Ambiente des sanierten Schlosshofes stattfinden lassen. Vom 1. bis zum 25. Juli 2021 erwartet das Publikum Musiktheater ganz unterschiedlicher Art. Das Singspiel \u201eBastien und Bastienne\u201c von Wolfgang Amadeus Mozart l\u00e4dt zum Familienbesuch mit Kindern an einem Samstag- oder Sonntagnachmittag ein und die Liebhaber der gro\u00dfen Oper d\u00fcrfen sich auf Giacomo Puccinis Operndrama \u201eTosca\u201c freuen. Mit der kultigen Musical-Comedy \u201eThe Addams Family\u201c zieht in der Inszenierung von Ivan Alboresi schaurig sch\u00f6ner Grusel mit rockigen und balladesken Kl\u00e4ngen in das Schlosshofinnere ein.<\/p>\n\n\n\n<p><strong>Meiningen<\/strong><br>Das Meininger Staatstheater plant f\u00fcr den Sommer 2021 verschiedene Open-Air-Veranstaltungen. Zum einen soll am 2. und 3. Juli im Rahmen des Meininger Stadtfestes auf der gro\u00dfen B\u00fchne auf dem Marktplatz ein Musical-Konzert aufgef\u00fchrt werden. Es kombiniert die Highlights aus den Musicals der letzten Spielzeiten mit Ausschnitten aus einer neuen Musicalproduktion, die derzeit wegen der Corona-Pandemie noch nicht gezeigt werden kann: \u201eHei\u00dfe Zeiten\u201c von Tilmann von Blomberg. Weiterhin werden im Hof des Meininger Schlosses Elisabethenburg am 3., 5. und 6. Juli Konzerte der Meininger Hofkapelle unter der Leitung des Generalmusikdirektors Philippe Bach zu erleben sein. Sollte es die Corona-Sieben-Tage-Zahl zulassen, wird die B\u00fchne im Schlosshof schon ab Mitte Juni bespielt.<\/p>\n\n\n\n<p><strong>Eisenach<\/strong><br>Das Landestheater Eisenach beschlie\u00dft die Spielzeit 2021\/2022 mit einer Premiere. Am 22., 23. und 24. Juli sind Open-Air-Auff\u00fchrungen des Ballettabends \u201eDie Vier Jahreszeiten\u201c in der Choreografie von Andris Plucis im Hof des Stadtschlosses Eisenach geplant. Musikalisch begleitet werden die drei Abende vom Barock-Ensemble der Th\u00fcringen Philharmonie Gotha-Eisenach. Eine weitere Freilicht-Auff\u00fchrung der Inszenierung mit Musik von Arvo P\u00e4rt und Antonio Vivaldi soll es im Juli auf der Bundesgartenschau in Erfurt geben. Der genaue Termin wird noch abgestimmt.<\/p>\n\n\n\n<p><strong>Jena<\/strong><br>Das Theaterhaus Jena freut sich, in diesem Jahr wieder die Kulturarena Jena auf dem Theatervorplatz er\u00f6ffnen zu d\u00fcrfen und pr\u00e4sentiert vom 9. bis 17. Juli 2021 \u201eDer Clowns-Kongress\u201c als Koproduktion mit Wunderbaum und dem Theater Rotterdam, in Zusammenarbeit mit JenaKultur. Auf einer mehrsprachigen Konferenz sucht eine Gruppe internationaler Clowns nach einem Ausweg aus der Krise. K\u00f6nnen die Clowns die Menschheit vor ihrem Untergang bewahren? Sind sie mit ihrem Humor-Patent der letzte Schutzwall gegen die allgemeine Polarisierung? F\u00fcr die Produktion \u201eDer Clowns-Kongress\u201c steigen die Schauspieler in ihre Clownskost\u00fcme und machen sich auf die Suche nach ihrem inneren Clown. Sie untersuchen, ob ihre Clowns vor dem Hintergrund der Aufstiege von Horrorclowns und dem Ende der Zirkusse noch relevant sind. Im Stile einer UN-Tagung streben sie einen gemeinsamen Aktionsplan an, um sich und die Welt zu retten.<\/p>\n\n\n\n<p>QUELLE: THEATER ALTENBURG GERA GGMBH<\/p>\n","protected":false},"excerpt":{"rendered":"<div class=\"mh-excerpt\"><p>Deutschlandweit gehen die Corona-Zahlen zur\u00fcck; die Impfkampagne nimmt zunehmend Fahrt auf und der Sommer naht. Auch wenn einige Th\u00fcringer Landkreise und kreisfreien St\u00e4dte noch Corona-Sieben-Tage-Werte von deutlich \u00fcber 100 haben, ist die Hoffnung auf einen <a class=\"mh-excerpt-more\" href=\"https:\/\/www.studiogera.de\/001\/2021\/05\/26\/thueringens-theater-bereiten-sich-auf-die-freiluft-saison-vor\/\" title=\"TH\u00dcRINGENS THEATER BEREITEN SICH AUF DIE FREILUFT-SAISON VOR\">[&#8230;]<\/a><\/p>\n<\/div>","protected":false},"author":2,"featured_media":11128,"comment_status":"open","ping_status":"open","sticky":false,"template":"","format":"standard","meta":{"footnotes":""},"categories":[15],"tags":[],"class_list":{"0":"post-15249","1":"post","2":"type-post","3":"status-publish","4":"format-standard","5":"has-post-thumbnail","7":"category-theater"},"_links":{"self":[{"href":"https:\/\/www.studiogera.de\/001\/wp-json\/wp\/v2\/posts\/15249","targetHints":{"allow":["GET"]}}],"collection":[{"href":"https:\/\/www.studiogera.de\/001\/wp-json\/wp\/v2\/posts"}],"about":[{"href":"https:\/\/www.studiogera.de\/001\/wp-json\/wp\/v2\/types\/post"}],"author":[{"embeddable":true,"href":"https:\/\/www.studiogera.de\/001\/wp-json\/wp\/v2\/users\/2"}],"replies":[{"embeddable":true,"href":"https:\/\/www.studiogera.de\/001\/wp-json\/wp\/v2\/comments?post=15249"}],"version-history":[{"count":2,"href":"https:\/\/www.studiogera.de\/001\/wp-json\/wp\/v2\/posts\/15249\/revisions"}],"predecessor-version":[{"id":15251,"href":"https:\/\/www.studiogera.de\/001\/wp-json\/wp\/v2\/posts\/15249\/revisions\/15251"}],"wp:featuredmedia":[{"embeddable":true,"href":"https:\/\/www.studiogera.de\/001\/wp-json\/wp\/v2\/media\/11128"}],"wp:attachment":[{"href":"https:\/\/www.studiogera.de\/001\/wp-json\/wp\/v2\/media?parent=15249"}],"wp:term":[{"taxonomy":"category","embeddable":true,"href":"https:\/\/www.studiogera.de\/001\/wp-json\/wp\/v2\/categories?post=15249"},{"taxonomy":"post_tag","embeddable":true,"href":"https:\/\/www.studiogera.de\/001\/wp-json\/wp\/v2\/tags?post=15249"}],"curies":[{"name":"wp","href":"https:\/\/api.w.org\/{rel}","templated":true}]}}