{"id":15252,"date":"2021-05-26T18:01:00","date_gmt":"2021-05-26T16:01:00","guid":{"rendered":"http:\/\/www.studiogera.de\/001\/?p=15252"},"modified":"2021-05-26T16:22:40","modified_gmt":"2021-05-26T14:22:40","slug":"weitere-meldungen-aus-gera-12","status":"publish","type":"post","link":"https:\/\/www.studiogera.de\/001\/2021\/05\/26\/weitere-meldungen-aus-gera-12\/","title":{"rendered":"WEITERE MELDUNGEN AUS GERA"},"content":{"rendered":"\n<p>An der Fuchsklamm wurde am Dienstag, den 25. Mai 2021, ein weiteres sogenanntes Stadtwaldtor aufgestellt. Insgesamt gibt es damit nun sechs dieser Holzbauten. Die zuvor errichteten befinden sich am Tierpark, Fuchsturm, in Ernssee, am Klinikum und an der Kuckucksdiele.<\/p>\n\n\n\n<p>Der T\u00f6pfermarkt soll in diesem Jahr am 23. und 24. Oktober stattfinden. Die Verschiebung des Termins ist aufgrund der Corona-Restriktionen notwendig geworden.<\/p>\n\n\n\n<p>Am Freitag, den 21. Mai 2021, protestierten in der Zeit von 21.30 Uhr bis 22.10 Uhr rund 150 Menschen gegen die Corona-Ma\u00dfnahmen. Die Teilnehmer waren gr\u00f6\u00dftenteils maskiert im Sinne einer Vermummung, trugen Fackeln und z\u00fcndeten Feuerwerksk\u00f6rper. Die Veranstaltung war nicht angemeldet. Im Netzwerk \u201eYoutube\u201c wurde ein Privatvideo ver\u00f6ffentlicht, welches das Geschehen zeigt:<\/p>\n\n\n\n<figure class=\"wp-block-embed is-type-video is-provider-youtube wp-block-embed-youtube wp-embed-aspect-16-9 wp-has-aspect-ratio\"><div class=\"wp-block-embed__wrapper\">\n<iframe loading=\"lazy\" title=\"Demo f\u00fcr Frieden, Freiheit und Demokratie am 21.05.2021 in Gera\" width=\"500\" height=\"281\" src=\"https:\/\/www.youtube.com\/embed\/i-fwxBOSHQk?feature=oembed\" frameborder=\"0\" allow=\"accelerometer; autoplay; clipboard-write; encrypted-media; gyroscope; picture-in-picture; web-share\" referrerpolicy=\"strict-origin-when-cross-origin\" allowfullscreen><\/iframe>\n<\/div><\/figure>\n\n\n\n<p>Auf einem weiteren Video, welches ebenfalls auf \u201eYoutube\u201c zu finden ist, wird das Geschehen aus einer anderen Perspektive gezeigt.<\/p>\n\n\n\n<p><a href=\"https:\/\/youtu.be\/GIEEchw59O4\">https:\/\/youtu.be\/GIEEchw59O4<\/a><\/p>\n\n\n\n<p>Am Samstag, den 22. Mai 2021, demonstrierten etwa 80 Menschen f\u00fcr Solidarit\u00e4t und Gerechtigkeit gegen\u00fcber Pal\u00e4stina sowie gegen Antisemitismus. Es nahmen vorwiegend Migranten und Mitglieder der Marxistisch-Leninistischen Partei Deutschlands daran teil. Der Protestzug nahm die Strecke Sachsenplatz\u2014Talstra\u00dfe\u2014Enzianstra\u00dfe\u2014Zentraler Platz.<\/p>\n","protected":false},"excerpt":{"rendered":"<div class=\"mh-excerpt\"><p>An der Fuchsklamm wurde am Dienstag, den 25. Mai 2021, ein weiteres sogenanntes Stadtwaldtor aufgestellt. Insgesamt gibt es damit nun sechs dieser Holzbauten. Die zuvor errichteten befinden sich am Tierpark, Fuchsturm, in Ernssee, am Klinikum <a class=\"mh-excerpt-more\" href=\"https:\/\/www.studiogera.de\/001\/2021\/05\/26\/weitere-meldungen-aus-gera-12\/\" title=\"WEITERE MELDUNGEN AUS GERA\">[&#8230;]<\/a><\/p>\n<\/div>","protected":false},"author":2,"featured_media":1630,"comment_status":"open","ping_status":"open","sticky":false,"template":"","format":"standard","meta":{"footnotes":""},"categories":[16],"tags":[],"class_list":{"0":"post-15252","1":"post","2":"type-post","3":"status-publish","4":"format-standard","5":"has-post-thumbnail","7":"category-kurzmitteilungen"},"_links":{"self":[{"href":"https:\/\/www.studiogera.de\/001\/wp-json\/wp\/v2\/posts\/15252","targetHints":{"allow":["GET"]}}],"collection":[{"href":"https:\/\/www.studiogera.de\/001\/wp-json\/wp\/v2\/posts"}],"about":[{"href":"https:\/\/www.studiogera.de\/001\/wp-json\/wp\/v2\/types\/post"}],"author":[{"embeddable":true,"href":"https:\/\/www.studiogera.de\/001\/wp-json\/wp\/v2\/users\/2"}],"replies":[{"embeddable":true,"href":"https:\/\/www.studiogera.de\/001\/wp-json\/wp\/v2\/comments?post=15252"}],"version-history":[{"count":1,"href":"https:\/\/www.studiogera.de\/001\/wp-json\/wp\/v2\/posts\/15252\/revisions"}],"predecessor-version":[{"id":15253,"href":"https:\/\/www.studiogera.de\/001\/wp-json\/wp\/v2\/posts\/15252\/revisions\/15253"}],"wp:featuredmedia":[{"embeddable":true,"href":"https:\/\/www.studiogera.de\/001\/wp-json\/wp\/v2\/media\/1630"}],"wp:attachment":[{"href":"https:\/\/www.studiogera.de\/001\/wp-json\/wp\/v2\/media?parent=15252"}],"wp:term":[{"taxonomy":"category","embeddable":true,"href":"https:\/\/www.studiogera.de\/001\/wp-json\/wp\/v2\/categories?post=15252"},{"taxonomy":"post_tag","embeddable":true,"href":"https:\/\/www.studiogera.de\/001\/wp-json\/wp\/v2\/tags?post=15252"}],"curies":[{"name":"wp","href":"https:\/\/api.w.org\/{rel}","templated":true}]}}