{"id":15265,"date":"2021-05-28T09:50:55","date_gmt":"2021-05-28T07:50:55","guid":{"rendered":"http:\/\/www.studiogera.de\/001\/?p=15265"},"modified":"2021-05-28T09:50:56","modified_gmt":"2021-05-28T07:50:56","slug":"helfer-fuer-die-wahl-zum-20-deutschen-bundestag-gesucht","status":"publish","type":"post","link":"https:\/\/www.studiogera.de\/001\/2021\/05\/28\/helfer-fuer-die-wahl-zum-20-deutschen-bundestag-gesucht\/","title":{"rendered":"HELFER F\u00dcR DIE WAHL ZUM 20. DEUTSCHEN BUNDESTAG GESUCHT"},"content":{"rendered":"\n<p>Am Sonntag, 26. September 2021, findet die Wahl zum 20. Deutschen Bundestag und voraussichtlich zum 8. Th\u00fcringer Landtag statt. F\u00fcr die Bildung der 81 Wahlvorst\u00e4nde und 15 Briefwahlvorst\u00e4nde ben\u00f6tigt die Stadt Gera insgesamt rund 800 Wahlhelfer. Als Wahlhelfer zur Bundestagswahl k\u00f6nnen in der Regel alle Personen t\u00e4tig sein, die selbst zum Deutschen Bundestag wahlberechtigt sind, als Wahlhelfer zur Landtagswahl in der Regel diejenigen, die in Th\u00fcringen leben und wahlberechtigt sind. Besondere Vorkenntnisse sind nicht erforderlich.<\/p>\n\n\n\n<p>Angesichts der Corona-Pandemie legt die Stadt Gera besonderes Augenmerk auf den Schutz der Wahlhelfenden und wird daher alle Ma\u00dfnahmen zu einem bestm\u00f6glichen Schutz aller Mitwirkenden ergreifen. Zudem gilt: Wahlhelfer werden in die Gruppe mit erh\u00f6hter Priorit\u00e4t auf Anspruch einer Corona-Schutzimpfung aufgenommen. Die Helfer betreuen die Wahllokale am Wahltag, geben Stimmzettel aus und kontrollieren das W\u00e4hlerverzeichnis. Sie stellen den reibungslosen Ablauf der Wahlhandlung und die anschlie\u00dfende Ergebnisermittlung sicher. F\u00fcr das Engagement im Wahlvorstand gew\u00e4hrt die Stadt Gera ein sogenanntes Erfrischungsgeld.<\/p>\n\n\n\n<p>Die Wahllokale haben am Wahltag von 8 Uhr bis 18 Uhr ge\u00f6ffnet. \u00dcblicherweise arbeiten die Wahlvorst\u00e4nde in Halbtagsschichten. Nach Schlie\u00dfung der Wahllokale z\u00e4hlen beide Schichten gemeinsam die Stimmen aus. Die Bereitschaftserkl\u00e4rung f\u00fcr die T\u00e4tigkeit als Wahlhelfende finden Interessierte unter \u201ewww.gera.de\/wahlen\u201c. F\u00fcr Fragen rund um das Ehrenamt der Wahlhelfer steht die Stadt Gera zudem jederzeit per elektronischer Post unter \u201ewahlen@gera.de\u201c zur Verf\u00fcgung.<\/p>\n\n\n\n<p>QUELLE: STADTVERWALTUNG<\/p>\n","protected":false},"excerpt":{"rendered":"<div class=\"mh-excerpt\"><p>Am Sonntag, 26. September 2021, findet die Wahl zum 20. Deutschen Bundestag und voraussichtlich zum 8. Th\u00fcringer Landtag statt. F\u00fcr die Bildung der 81 Wahlvorst\u00e4nde und 15 Briefwahlvorst\u00e4nde ben\u00f6tigt die Stadt Gera insgesamt rund 800 <a class=\"mh-excerpt-more\" href=\"https:\/\/www.studiogera.de\/001\/2021\/05\/28\/helfer-fuer-die-wahl-zum-20-deutschen-bundestag-gesucht\/\" title=\"HELFER F\u00dcR DIE WAHL ZUM 20. DEUTSCHEN BUNDESTAG GESUCHT\">[&#8230;]<\/a><\/p>\n<\/div>","protected":false},"author":2,"featured_media":1630,"comment_status":"open","ping_status":"open","sticky":false,"template":"","format":"standard","meta":{"footnotes":""},"categories":[16],"tags":[],"class_list":{"0":"post-15265","1":"post","2":"type-post","3":"status-publish","4":"format-standard","5":"has-post-thumbnail","7":"category-kurzmitteilungen"},"_links":{"self":[{"href":"https:\/\/www.studiogera.de\/001\/wp-json\/wp\/v2\/posts\/15265","targetHints":{"allow":["GET"]}}],"collection":[{"href":"https:\/\/www.studiogera.de\/001\/wp-json\/wp\/v2\/posts"}],"about":[{"href":"https:\/\/www.studiogera.de\/001\/wp-json\/wp\/v2\/types\/post"}],"author":[{"embeddable":true,"href":"https:\/\/www.studiogera.de\/001\/wp-json\/wp\/v2\/users\/2"}],"replies":[{"embeddable":true,"href":"https:\/\/www.studiogera.de\/001\/wp-json\/wp\/v2\/comments?post=15265"}],"version-history":[{"count":1,"href":"https:\/\/www.studiogera.de\/001\/wp-json\/wp\/v2\/posts\/15265\/revisions"}],"predecessor-version":[{"id":15266,"href":"https:\/\/www.studiogera.de\/001\/wp-json\/wp\/v2\/posts\/15265\/revisions\/15266"}],"wp:featuredmedia":[{"embeddable":true,"href":"https:\/\/www.studiogera.de\/001\/wp-json\/wp\/v2\/media\/1630"}],"wp:attachment":[{"href":"https:\/\/www.studiogera.de\/001\/wp-json\/wp\/v2\/media?parent=15265"}],"wp:term":[{"taxonomy":"category","embeddable":true,"href":"https:\/\/www.studiogera.de\/001\/wp-json\/wp\/v2\/categories?post=15265"},{"taxonomy":"post_tag","embeddable":true,"href":"https:\/\/www.studiogera.de\/001\/wp-json\/wp\/v2\/tags?post=15265"}],"curies":[{"name":"wp","href":"https:\/\/api.w.org\/{rel}","templated":true}]}}