{"id":15292,"date":"2021-05-29T11:12:10","date_gmt":"2021-05-29T09:12:10","guid":{"rendered":"http:\/\/www.studiogera.de\/001\/?p=15292"},"modified":"2021-05-29T12:53:41","modified_gmt":"2021-05-29T10:53:41","slug":"klimaschutzgesetz-und-emissionshandel-im-detail","status":"publish","type":"post","link":"https:\/\/www.studiogera.de\/001\/2021\/05\/29\/klimaschutzgesetz-und-emissionshandel-im-detail\/","title":{"rendered":"KLIMASCHUTZGESETZ UND EMISSIONSHANDEL IM DETAIL"},"content":{"rendered":"\n<p>Das Bundeskabinett beschloss am 12. Mai 2021 die Anhebung der deutschen Klimaschutzziele. Das bisherige Ziel einer Reduktion der Treibhausgasemissionen um 55 % bis 2030 gegen\u00fcber 1990 wird auf 65 % angehoben und die zugeh\u00f6rigen Sektorziele angepasst. F\u00fcr 2045 wird ein Minderungsziel von 88 % bestimmt. Bis zum Jahre 2045 soll Treibhausgasneutralit\u00e4t erreicht werden.<\/p>\n\n\n\n<p>Die Anpassung der deutschen Klimaschutzziele soll mit der Novelle des Bundes-Klimaschutzgesetzes (KSG) gesetzlich verankert werden. Die Anpassungspunkte hat die IHK auf ihrer Seite zusammenfassend aufgef\u00fchrt.<\/p>\n\n\n\n<p><a href=\"https:\/\/www.gera.ihk.de\/innovation-umwelt-channel\/energie-channel\/energiepolitik\/klimaschutzgesetz-5123888\">https:\/\/www.gera.ihk.de\/innovation-umwelt-channel\/energie-channel\/energiepolitik\/klimaschutzgesetz-5123888<\/a><\/p>\n\n\n\n<p>Anpassung der nationalen Klimaschutzziele (\u00a7 3 KSG): Das 2030-Ziel wird von minus 55 auf minus 65 % erh\u00f6ht. Bis zum Jahr 2040 soll die Reduktion der Treibhausgasemissionen 88 % erreichen, bis 2045 Treibhausgasneutralit\u00e4t und anschlie\u00dfend negative Emissionen. Entsprechend angepasst werden auch die sektorspezifischen Vorgaben f\u00fcr zul\u00e4ssige Jahresemissionsmengen f\u00fcr die Zeit von 2023 bis 2030. F\u00fcr den Verlauf des Reduktionspfades der einzelnen Jahre von 2031 bis 2040 werden Gesamtminderungsziele festgeschrieben. Es findet eine \u00dcberpr\u00fcfung der zul\u00e4ssigen Jahresemissionsmengen im Einklang mit den im Rahmen des \u201eGreen Deal\u201c folgenden Anpassungen auf europ\u00e4ischer Ebene statt. Neu eingef\u00fchrt wird eine Regelung zum Beitrag nat\u00fcrlicher \u00d6kosysteme. Der Beitrag soll j\u00e4hrlich 25 Millionen CO\u2082-\u00c4quivalenten bis 2030, 35 Millionen Tonnen CO\u2082-\u00c4quivalenten bis 2040 und 40 Millionen Tonnen CO\u2082-\u00c4quivalenten bis 2045 betragen. Durch welche Ma\u00dfnahmen diese Beitr\u00e4ge erzielt werden sollen, ist bislang nicht klar. Die Ber\u00fccksichtigung des Klimaschutzes bei der Beschaffung auf Bundesebene wird gest\u00e4rkt.<\/p>\n\n\n\n<p>Begleitend hat das Bundeskabinett den Beschluss f\u00fcr einen Klimapakt gefasst. Darin wird darauf verwiesen, dass der zur Zielerreichung notwendige Transformationsprozess durch weitere Ma\u00dfnahmen unterst\u00fctzt werden muss. Zu den genannten Punkten geh\u00f6ren die nachfolgend aufgef\u00fchrten.<\/p>\n\n\n\n<ul class=\"wp-block-list\"><li>CO\u2082-Bepreisung: Keine Festlegung auf eine Anhebung des bislang festgelegten Preispfades.<\/li><li>Ausbau Erneuerbare Energien: Beschleunigung, allerdings ohne Hinweise darauf, wie die Beschleunigung erreicht werden kann.<\/li><li>Investitionspakt f\u00fcr klimafreundliche Produktion mit der Industrie: Schwerpunkt auf Industrien mit hohen Prozessemissionen (Stahl, Zement, Chemie). Zudem Erarbeitung eines Konzeptes f\u00fcr Quoten klimafreundlicher Produkte.<\/li><li>Beschleunigung des Hochlaufs der Wasserstoffwirtschaft, insbesondere Offshore-Wasserstofferzeugung.<\/li><li>Geb\u00e4ude: st\u00e4rkere Einbindung von Erneuerbaren im Geb\u00e4udesektor, Anhebung der Neubaustandards, keine F\u00f6rderung mehr f\u00fcr ausschlie\u00dflich fossil betriebene Heizungen.<\/li><\/ul>\n\n\n\n<p>Die Kosten der CO\u2082-Bepreisung sollen zu 50 % von den Vermietern getragen werden. Zur Finanzierung eines Teils der Ausgaben f\u00fcr den Klimaschutz wird der Abbau klimasch\u00e4dlicher Subventionen gepr\u00fcft<\/p>\n\n\n\n<p><a href=\"https:\/\/www.gera.ihk.de\/innovation-umwelt-channel\/umwelt-channel\/luft-wasser-boden-klima\/klimaschutz\/kontoeroeffnung-emissionshandelsregister-5120754\">https:\/\/www.gera.ihk.de\/innovation-umwelt-channel\/umwelt-channel\/luft-wasser-boden-klima\/klimaschutz\/kontoeroeffnung-emissionshandelsregister-5120754<\/a><\/p>\n\n\n\n<p>Seit dem 6. Mai 2021 ist die Er\u00f6ffnung eines Komplianz-Kontos im nationalen Emissionshandelsregister m\u00f6glich. Neben dem Halten und \u00dcbertragen (bspw. zum Handeln) von Emissionszertifikaten wird \u00fcber die Konten auch die Abgabepflicht der Zertifikate im nationalen Emissionshandelssystem (nEHS) nach dem BEHG erf\u00fcllt. Bis zum 30. September einbes jeden Jahres, und erstmalig im Jahre 2022, m\u00fcssen Inverkehrbringer von ihren Komplianz-Konten Zertifikate in H\u00f6he der von ihnen berichteten Brennstoffemissionen abgeben. Deshalb ben\u00f6tigt jeder Inverkehrbringer ein Komplianz-Konto, das auf Antrag bei der Deutschen Emissionshandelsstelle (DEHSt) er\u00f6ffnet wird.<\/p>\n\n\n\n<p>Um Zertifikate zu halten und zu handeln, k\u00f6nnen auch Personen, die keine Brennstoffe in Verkehr bringen, ein so genanntes Handelskonto beantragen. Die Er\u00f6ffnung eines Handelskontos wird voraussichtlich im dritten Quartal 2021 m\u00f6glich sein.<\/p>\n\n\n\n<p>Weder Konten im Unionsregisters des EU-ETS noch Konten im UER-Register k\u00f6nnen zur Erf\u00fcllung von Abgabepflichten im nEHS genutzt werden. Daf\u00fcr muss ein neues Komplianz-Konto im nationalen Emissionshandelsregister er\u00f6ffnet werden.<\/p>\n\n\n\n<p><a href=\"https:\/\/nehs-register.dehst.de\/coreweb\/info\/welcome.action;jsessionid=p5A7DhRwcyaAkPSTa7d8cMdIl4tqQpHEqvb6Anoz.node_1_prod&amp;token=\">https:\/\/nehs-register.dehst.de\/coreweb\/info\/welcome.action;jsessionid=p5A7DhRwcyaAkPSTa7d8cMdIl4tqQpHEqvb6Anoz.node_1_prod&amp;token=<\/a><\/p>\n\n\n\n<p>Die Seite der Bundesregierung zum Thema Klimaschutz ist zu finden unter folgender Adresse:<\/p>\n\n\n\n<p><a href=\"https:\/\/www.bundesregierung.de\/breg-de\/themen\/klimaschutz\/klimaschutzgesetz-2021-1913672\">https:\/\/www.bundesregierung.de\/breg-de\/themen\/klimaschutz\/klimaschutzgesetz-2021-1913672<\/a><\/p>\n\n\n\n<p>QUELLEN: DIHK, DEHST, VKU, BUNDESREGIERUNG<\/p>\n","protected":false},"excerpt":{"rendered":"<div class=\"mh-excerpt\"><p>Das Bundeskabinett beschloss am 12. Mai 2021 die Anhebung der deutschen Klimaschutzziele. Das bisherige Ziel einer Reduktion der Treibhausgasemissionen um 55 % bis 2030 gegen\u00fcber 1990 wird auf 65 % angehoben und die zugeh\u00f6rigen Sektorziele <a class=\"mh-excerpt-more\" href=\"https:\/\/www.studiogera.de\/001\/2021\/05\/29\/klimaschutzgesetz-und-emissionshandel-im-detail\/\" title=\"KLIMASCHUTZGESETZ UND EMISSIONSHANDEL IM DETAIL\">[&#8230;]<\/a><\/p>\n<\/div>","protected":false},"author":2,"featured_media":15293,"comment_status":"open","ping_status":"open","sticky":false,"template":"","format":"standard","meta":{"footnotes":""},"categories":[4],"tags":[],"class_list":{"0":"post-15292","1":"post","2":"type-post","3":"status-publish","4":"format-standard","5":"has-post-thumbnail","7":"category-wirtschaft"},"_links":{"self":[{"href":"https:\/\/www.studiogera.de\/001\/wp-json\/wp\/v2\/posts\/15292","targetHints":{"allow":["GET"]}}],"collection":[{"href":"https:\/\/www.studiogera.de\/001\/wp-json\/wp\/v2\/posts"}],"about":[{"href":"https:\/\/www.studiogera.de\/001\/wp-json\/wp\/v2\/types\/post"}],"author":[{"embeddable":true,"href":"https:\/\/www.studiogera.de\/001\/wp-json\/wp\/v2\/users\/2"}],"replies":[{"embeddable":true,"href":"https:\/\/www.studiogera.de\/001\/wp-json\/wp\/v2\/comments?post=15292"}],"version-history":[{"count":1,"href":"https:\/\/www.studiogera.de\/001\/wp-json\/wp\/v2\/posts\/15292\/revisions"}],"predecessor-version":[{"id":15294,"href":"https:\/\/www.studiogera.de\/001\/wp-json\/wp\/v2\/posts\/15292\/revisions\/15294"}],"wp:featuredmedia":[{"embeddable":true,"href":"https:\/\/www.studiogera.de\/001\/wp-json\/wp\/v2\/media\/15293"}],"wp:attachment":[{"href":"https:\/\/www.studiogera.de\/001\/wp-json\/wp\/v2\/media?parent=15292"}],"wp:term":[{"taxonomy":"category","embeddable":true,"href":"https:\/\/www.studiogera.de\/001\/wp-json\/wp\/v2\/categories?post=15292"},{"taxonomy":"post_tag","embeddable":true,"href":"https:\/\/www.studiogera.de\/001\/wp-json\/wp\/v2\/tags?post=15292"}],"curies":[{"name":"wp","href":"https:\/\/api.w.org\/{rel}","templated":true}]}}