{"id":15337,"date":"2021-06-04T09:32:27","date_gmt":"2021-06-04T07:32:27","guid":{"rendered":"http:\/\/www.studiogera.de\/001\/?p=15337"},"modified":"2021-06-04T09:32:29","modified_gmt":"2021-06-04T07:32:29","slug":"neue-sandflaeche-fuer-freizeitbetaetigungen-im-hofwiesenpark","status":"publish","type":"post","link":"https:\/\/www.studiogera.de\/001\/2021\/06\/04\/neue-sandflaeche-fuer-freizeitbetaetigungen-im-hofwiesenpark\/","title":{"rendered":"NEUE SANDFL\u00c4CHE F\u00dcR FREIZEITBET\u00c4TIGUNGEN IM HOFWIESENPARK"},"content":{"rendered":"\n<p>Die Gera Kultur GmbH hat gemeinsam mit zahlreichen Partnern in den vergangenen Wochen und Monaten den Stadtstrand zum Leben erweckt. Auf dem Gel\u00e4nde der ehemaligen Minigolfanlage \u201eKaribiko\u201c im Hofwiesenpark ist ein Spieleparadies f\u00fcr Gro\u00df und Klein entstanden, das in wenigen Tagen fertig gestellt wird. Die gro\u00dfe Er\u00f6ffnung f\u00fcr alle G\u00e4ste wird am Freitag, den 18. Juni 2021, ab 15 Uhr stattfinden. \u201eEinfach mal die Seele baumeln lassen \u2014 das ist an unserem neuen Stadtstrand nun wieder m\u00f6glich. Nachdem wir uns vom Elsterstrand verabschieden mussten, freue ich mich umso mehr, dass der Stadtstrand Urlaubsfeeling pur bietet und als Familientreffpunkt einl\u00e4dt\u201c, kommentiert Oberb\u00fcrgermeister Julian Vonarb stolz.<\/p>\n\n\n\n<p>Um die Wartezeit bis zur offiziellen Er\u00f6ffnung zu vers\u00fc\u00dfen, steht auf dem zuk\u00fcnftigen Volleyballfeld ab Samstag, den 5. Juni 2021, ein gro\u00dfer Sandkasten zur Verf\u00fcgung. \u201eHier d\u00fcrfen alle Kinder auf Schatzsuche gehen\u201c, verspricht Ines Gebhardt, Gesch\u00e4ftsf\u00fchrerin der Gera Kultur GmbH. \u201eIm Sandkasten wurden 150 Goldst\u00fccke versteckt. F\u00fcr jede gefundene Goldm\u00fcnze erh\u00e4lt jedes Kind eine Kugel Eis geschenkt. W\u00e4hrend die Kinder auf Goldsuche gehen, k\u00f6nnen die Eltern unter dem gro\u00dfen Sonnensegel Platz nehmen.\u201c<\/p>\n\n\n\n<p>In den Jahren 2019 und 2020 lud der Strand an der wei\u00dfen Elster zum Verweilen ein. Auf der Gesamtfl\u00e4che von etwa 1900 Quadratmetern wurden rund 690 Tonnen Sand, rund 300 Tonnen Grobkies und etwa 125 Tonnen Feinkies verbaut. Um die Laichpl\u00e4tze von Fischen in der Elster durch die vermehrte Einbringung feinen Sandes nicht zu gef\u00e4hrden, musste f\u00fcr dieses Jahr ein alternativer Ort gefunden werden. Das ehemalige \u201eKaribiko\u201c als Standort sei ideal, so Gebhardt, da hier bereits die strukturellen Voraussetzungen vorhanden waren.<\/p>\n\n\n\n<p>QUELLE: STADTVERWALTUNG<\/p>\n","protected":false},"excerpt":{"rendered":"<div class=\"mh-excerpt\"><p>Die Gera Kultur GmbH hat gemeinsam mit zahlreichen Partnern in den vergangenen Wochen und Monaten den Stadtstrand zum Leben erweckt. Auf dem Gel\u00e4nde der ehemaligen Minigolfanlage \u201eKaribiko\u201c im Hofwiesenpark ist ein Spieleparadies f\u00fcr Gro\u00df und <a class=\"mh-excerpt-more\" href=\"https:\/\/www.studiogera.de\/001\/2021\/06\/04\/neue-sandflaeche-fuer-freizeitbetaetigungen-im-hofwiesenpark\/\" title=\"NEUE SANDFL\u00c4CHE F\u00dcR FREIZEITBET\u00c4TIGUNGEN IM HOFWIESENPARK\">[&#8230;]<\/a><\/p>\n<\/div>","protected":false},"author":2,"featured_media":15338,"comment_status":"open","ping_status":"open","sticky":false,"template":"","format":"standard","meta":{"footnotes":""},"categories":[8],"tags":[],"class_list":{"0":"post-15337","1":"post","2":"type-post","3":"status-publish","4":"format-standard","5":"has-post-thumbnail","7":"category-kultur"},"_links":{"self":[{"href":"https:\/\/www.studiogera.de\/001\/wp-json\/wp\/v2\/posts\/15337","targetHints":{"allow":["GET"]}}],"collection":[{"href":"https:\/\/www.studiogera.de\/001\/wp-json\/wp\/v2\/posts"}],"about":[{"href":"https:\/\/www.studiogera.de\/001\/wp-json\/wp\/v2\/types\/post"}],"author":[{"embeddable":true,"href":"https:\/\/www.studiogera.de\/001\/wp-json\/wp\/v2\/users\/2"}],"replies":[{"embeddable":true,"href":"https:\/\/www.studiogera.de\/001\/wp-json\/wp\/v2\/comments?post=15337"}],"version-history":[{"count":1,"href":"https:\/\/www.studiogera.de\/001\/wp-json\/wp\/v2\/posts\/15337\/revisions"}],"predecessor-version":[{"id":15339,"href":"https:\/\/www.studiogera.de\/001\/wp-json\/wp\/v2\/posts\/15337\/revisions\/15339"}],"wp:featuredmedia":[{"embeddable":true,"href":"https:\/\/www.studiogera.de\/001\/wp-json\/wp\/v2\/media\/15338"}],"wp:attachment":[{"href":"https:\/\/www.studiogera.de\/001\/wp-json\/wp\/v2\/media?parent=15337"}],"wp:term":[{"taxonomy":"category","embeddable":true,"href":"https:\/\/www.studiogera.de\/001\/wp-json\/wp\/v2\/categories?post=15337"},{"taxonomy":"post_tag","embeddable":true,"href":"https:\/\/www.studiogera.de\/001\/wp-json\/wp\/v2\/tags?post=15337"}],"curies":[{"name":"wp","href":"https:\/\/api.w.org\/{rel}","templated":true}]}}