{"id":15340,"date":"2021-06-04T10:06:18","date_gmt":"2021-06-04T08:06:18","guid":{"rendered":"http:\/\/www.studiogera.de\/001\/?p=15340"},"modified":"2021-06-04T10:06:20","modified_gmt":"2021-06-04T08:06:20","slug":"verzoegerungen-bei-der-beseitigung-von-strassenschaeden","status":"publish","type":"post","link":"https:\/\/www.studiogera.de\/001\/2021\/06\/04\/verzoegerungen-bei-der-beseitigung-von-strassenschaeden\/","title":{"rendered":"VERZ\u00d6GERUNGEN BEI DER BESEITIGUNG VON STRASSENSCH\u00c4DEN"},"content":{"rendered":"\n<p>Die weitere Beseitigung von Schlagl\u00f6chern in der Stadt Gera kann in Folge der Vielzahl der Sch\u00e4den auf den rund 680 Kilometer langen kommunalen Stra\u00dfen und aufgrund der begrenzten materiellen, technischen und personellen Kapazit\u00e4ten derzeit nur in sehr geringem Tempo erfolgen. <\/p>\n\n\n\n<p>\u201eGemeinsam mit unserem Vertragspartner arbeiten wir mit Hochdruck daran, den Reparaturstau schnellstm\u00f6glich abzuarbeiten. Der Abschluss dieser Arbeiten wird nach unserer heutigen Einsch\u00e4tzung noch bis in das dritte Quartal 2021 dauern. Trotz des Bewusstseins einer prinzipiellen Verkehrssicherungspflicht, k\u00f6nnen wir leider kurzfristig nicht an allen Stellen der Stadt gleichzeitig sein. Daher danken wir den Verkehrsteilnehmern f\u00fcr ihre zahlreichen Hinweise in diesem Zusammenhang und bitten alle B\u00fcrgerinnen und B\u00fcrger unserer Stadt um Geduld und erh\u00f6hte Aufmerksamkeit\u201c, so Justus Sieper, Leiter des st\u00e4dtischen Bauhofs.<\/p>\n\n\n\n<p>Neben dem strengen Winter mit starken Schneef\u00e4llen und langen Dauerfrostperioden Anfang des Jahres, der zu einer besonders gro\u00dfen Zahl an Sch\u00e4den auf Geras Stra\u00dfen f\u00fchrte, sind die baulichen Verz\u00f6gerungen vor allem auf den versp\u00e4teten Produktionsstart von Hei\u00dfmischgut zur\u00fcckzuf\u00fchren. So konnte die Mischanlage erst Ende April 2021, also vier Wochen sp\u00e4ter als \u00fcblich, ihren Betrieb aufnehmen. Hinzu kam, dass der st\u00e4dtische Vertragspartner aufgrund coronabedingter Arbeitskr\u00e4fteausf\u00e4lle ebenfalls mit einer vierw\u00f6chigen Verz\u00f6gerung mit den Arbeiten zur Unterst\u00fctzung der Unfallgefahrenbeseitigung beginnen konnte. Seit 31. Mai 2021 wird nun mit Hochdruck an der Schlaglochflickung im Stadtteil Lusan gearbeitet.<\/p>\n\n\n\n<p>Ab kommender Woche ist mit einer Verbesserung der Gesamtsituation zu rechnen, da zur Beseitigung von Stra\u00dfensch\u00e4den dem Bauhof dann auch wieder zwei Kolonnen zum Einsatz zur Verf\u00fcgung stehen.<\/p>\n\n\n\n<p>QUELLE: STADTVERWALTUNG<\/p>\n","protected":false},"excerpt":{"rendered":"<div class=\"mh-excerpt\"><p>Die weitere Beseitigung von Schlagl\u00f6chern in der Stadt Gera kann in Folge der Vielzahl der Sch\u00e4den auf den rund 680 Kilometer langen kommunalen Stra\u00dfen und aufgrund der begrenzten materiellen, technischen und personellen Kapazit\u00e4ten derzeit nur <a class=\"mh-excerpt-more\" href=\"https:\/\/www.studiogera.de\/001\/2021\/06\/04\/verzoegerungen-bei-der-beseitigung-von-strassenschaeden\/\" title=\"VERZ\u00d6GERUNGEN BEI DER BESEITIGUNG VON STRASSENSCH\u00c4DEN\">[&#8230;]<\/a><\/p>\n<\/div>","protected":false},"author":2,"featured_media":8540,"comment_status":"open","ping_status":"open","sticky":false,"template":"","format":"standard","meta":{"footnotes":""},"categories":[3],"tags":[],"class_list":{"0":"post-15340","1":"post","2":"type-post","3":"status-publish","4":"format-standard","5":"has-post-thumbnail","7":"category-lokal"},"_links":{"self":[{"href":"https:\/\/www.studiogera.de\/001\/wp-json\/wp\/v2\/posts\/15340","targetHints":{"allow":["GET"]}}],"collection":[{"href":"https:\/\/www.studiogera.de\/001\/wp-json\/wp\/v2\/posts"}],"about":[{"href":"https:\/\/www.studiogera.de\/001\/wp-json\/wp\/v2\/types\/post"}],"author":[{"embeddable":true,"href":"https:\/\/www.studiogera.de\/001\/wp-json\/wp\/v2\/users\/2"}],"replies":[{"embeddable":true,"href":"https:\/\/www.studiogera.de\/001\/wp-json\/wp\/v2\/comments?post=15340"}],"version-history":[{"count":1,"href":"https:\/\/www.studiogera.de\/001\/wp-json\/wp\/v2\/posts\/15340\/revisions"}],"predecessor-version":[{"id":15341,"href":"https:\/\/www.studiogera.de\/001\/wp-json\/wp\/v2\/posts\/15340\/revisions\/15341"}],"wp:featuredmedia":[{"embeddable":true,"href":"https:\/\/www.studiogera.de\/001\/wp-json\/wp\/v2\/media\/8540"}],"wp:attachment":[{"href":"https:\/\/www.studiogera.de\/001\/wp-json\/wp\/v2\/media?parent=15340"}],"wp:term":[{"taxonomy":"category","embeddable":true,"href":"https:\/\/www.studiogera.de\/001\/wp-json\/wp\/v2\/categories?post=15340"},{"taxonomy":"post_tag","embeddable":true,"href":"https:\/\/www.studiogera.de\/001\/wp-json\/wp\/v2\/tags?post=15340"}],"curies":[{"name":"wp","href":"https:\/\/api.w.org\/{rel}","templated":true}]}}