{"id":15960,"date":"2021-07-27T10:47:49","date_gmt":"2021-07-27T08:47:49","guid":{"rendered":"http:\/\/www.studiogera.de\/001\/?p=15960"},"modified":"2021-07-27T10:47:51","modified_gmt":"2021-07-27T08:47:51","slug":"vernetzte-zusammenarbeit-im-bereich-pflege-wird-angestrebt","status":"publish","type":"post","link":"https:\/\/www.studiogera.de\/001\/2021\/07\/27\/vernetzte-zusammenarbeit-im-bereich-pflege-wird-angestrebt\/","title":{"rendered":"VERNETZTE ZUSAMMENARBEIT IM BEREICH PFLEGE WIRD ANGESTREBT"},"content":{"rendered":"\n<p>Die Stadt Gera strebt eine enge vernetzte Zusammenarbeit mit Akteuren und Dienstleistern der Pflege vor Ort an, um k\u00fcnftig noch bedarfsgerechtere Pflegestrukturen zu planen: \u201eWir sind der \u00dcberzeugung, dass L\u00f6sungsans\u00e4tze nicht nur auf Bundesebene stattfinden sollten, sondern der kommunalen Ebene eine wichtige Rolle zukommen muss. Wir m\u00f6chten daher das Miteinander zwischen Pflege-Dienstleistern und Kommunalverwaltung f\u00f6rdern und st\u00e4rken\u201c, formuliert die Beigeordnete f\u00fcr Jugend und Soziales, Sandra Wanzar, das Anliegen.<\/p>\n\n\n\n<p>Ein erstes Forum f\u00fcr alle Beteiligten bildete der \u201eFachtag Pflege \u2014 Die Zukunft von Pflegestrukturen in der Stadt Gera&#8220;, der am Mittwoch, den 21. Juli 2021, im Kultur- und Kongresszentrum stattfand. Eingeladen hatte das Dezernat Jugend und Soziales, das Amt f\u00fcr Gesundheit und Versorgung sowie das Sozialamt. Teilgenommen haben verschiedene Geraer Pflegedienstleister aus dem station\u00e4ren und ambulanten Bereich, der Seniorenbeirat, Service-Generationen, das Netzwerk Gesunde Kommune sowie Einrichtungen, die sich im weiteren Sinne mit dem Thema Pflege befassen. Im Fokus der gestrigen Veranstaltung standen Fragestellungen zu den Herausforderungen der Stadt Gera, die f\u00fcr die Zukunft der Pflege bestehen, zum Bedarf der konkreten Pflegeangebote in den einzelnen Stadt- und Ortsteilen sowie den damit verbundenen R\u00fcckschl\u00fcssen auf eine alters- und pflegegerechte Stadtentwicklung. Gemeinsam sollen Antworten auf diese Fragen gefunden werden: \u201eWir m\u00f6chten Pflegebed\u00fcrftigen ein langes selbstbestimmtes Leben erm\u00f6glichen. Mit dem Wissen dar\u00fcber, was gewollt und ben\u00f6tigt wird, k\u00f6nnen wir als Stadt die Pflegestrukturen begleiten\u201c, so Monika Jorzik, Leiterin des Amtes f\u00fcr Gesundheit und Versorgung. Die Erkenntnisse des inhaltlichen Diskurses flie\u00dfen in einen Pflegebericht ein, der einen allgemeinen \u00dcberblick zum derzeitigen Zustand und zu den zuk\u00fcnftigen Herausforderungen der Pflegesituation in Gera abbilden soll.<\/p>\n\n\n\n<p>Das Angebot, den Kontakt zwischen Stadt und Pflege zu intensivieren, stie\u00df auf reges Interesse. Dr. Babett Brehme, Leiterin des Sozialamtes, ist zufrieden mit dem Auftakt und erkl\u00e4rt: \u201eDie Veranstaltung legt den Grundstein f\u00fcr einen regelm\u00e4\u00dfigen Austausch. Wir w\u00fcnschen uns, dass wir k\u00fcnftig mit noch mehr Akteurinnen und Akteuren aus der Pflege ins Gespr\u00e4ch kommen. Denn nur mit den Erfahrungen und Kompetenzen aus der Praxis k\u00f6nnen wir die vorhandenen Synergien optimal in unsere t\u00e4gliche Arbeit zum Thema Pflege einflie\u00dfen lassen und letztlich f\u00fcr die B\u00fcrgerinnen und B\u00fcrger der Stadt, die Pflege in Anspruch nehmen oder nehmen m\u00f6chten, die besten Bedingungen schaffen\u201c.<\/p>\n\n\n\n<p>Mit Blick auf die derzeitige Bev\u00f6lkerungsstruktur der Stadt Gera und die zunehmende Alterung der B\u00fcrger, zeigt sich, dass der Bedarf an h\u00e4uslicher, ambulanter oder station\u00e4rer Pflege weiter anw\u00e4chst. Derzeit sind etwa 30 % der Geraer 65 Jahre und \u00e4lter. Die neueste Familienbefragung der Stadt Gera gibt zudem weitere Einblicke in die Erfahrungen und Zufriedenheit mit dem Thema Pflege: Etwa ein Drittel der Befragten hat in den vergangenen zwei Jahren entweder als zu pflegende Person oder als Angeh\u00f6rige Erfahrungen mit Pflege im Alter gemacht. Von diesen sehen knapp 60 % im Pflegeangebot der Stadt Gera allerdings Verbesserungspotentiale.<\/p>\n\n\n\n<p>QUELLE: STADTVERWALTUNG<\/p>\n","protected":false},"excerpt":{"rendered":"<div class=\"mh-excerpt\"><p>Die Stadt Gera strebt eine enge vernetzte Zusammenarbeit mit Akteuren und Dienstleistern der Pflege vor Ort an, um k\u00fcnftig noch bedarfsgerechtere Pflegestrukturen zu planen: \u201eWir sind der \u00dcberzeugung, dass L\u00f6sungsans\u00e4tze nicht nur auf Bundesebene stattfinden <a class=\"mh-excerpt-more\" href=\"https:\/\/www.studiogera.de\/001\/2021\/07\/27\/vernetzte-zusammenarbeit-im-bereich-pflege-wird-angestrebt\/\" title=\"VERNETZTE ZUSAMMENARBEIT IM BEREICH PFLEGE WIRD ANGESTREBT\">[&#8230;]<\/a><\/p>\n<\/div>","protected":false},"author":2,"featured_media":15961,"comment_status":"open","ping_status":"open","sticky":false,"template":"","format":"standard","meta":{"footnotes":""},"categories":[3],"tags":[],"class_list":{"0":"post-15960","1":"post","2":"type-post","3":"status-publish","4":"format-standard","5":"has-post-thumbnail","7":"category-lokal"},"_links":{"self":[{"href":"https:\/\/www.studiogera.de\/001\/wp-json\/wp\/v2\/posts\/15960","targetHints":{"allow":["GET"]}}],"collection":[{"href":"https:\/\/www.studiogera.de\/001\/wp-json\/wp\/v2\/posts"}],"about":[{"href":"https:\/\/www.studiogera.de\/001\/wp-json\/wp\/v2\/types\/post"}],"author":[{"embeddable":true,"href":"https:\/\/www.studiogera.de\/001\/wp-json\/wp\/v2\/users\/2"}],"replies":[{"embeddable":true,"href":"https:\/\/www.studiogera.de\/001\/wp-json\/wp\/v2\/comments?post=15960"}],"version-history":[{"count":1,"href":"https:\/\/www.studiogera.de\/001\/wp-json\/wp\/v2\/posts\/15960\/revisions"}],"predecessor-version":[{"id":15962,"href":"https:\/\/www.studiogera.de\/001\/wp-json\/wp\/v2\/posts\/15960\/revisions\/15962"}],"wp:featuredmedia":[{"embeddable":true,"href":"https:\/\/www.studiogera.de\/001\/wp-json\/wp\/v2\/media\/15961"}],"wp:attachment":[{"href":"https:\/\/www.studiogera.de\/001\/wp-json\/wp\/v2\/media?parent=15960"}],"wp:term":[{"taxonomy":"category","embeddable":true,"href":"https:\/\/www.studiogera.de\/001\/wp-json\/wp\/v2\/categories?post=15960"},{"taxonomy":"post_tag","embeddable":true,"href":"https:\/\/www.studiogera.de\/001\/wp-json\/wp\/v2\/tags?post=15960"}],"curies":[{"name":"wp","href":"https:\/\/api.w.org\/{rel}","templated":true}]}}