{"id":15967,"date":"2021-07-28T13:56:15","date_gmt":"2021-07-28T11:56:15","guid":{"rendered":"http:\/\/www.studiogera.de\/001\/?p=15967"},"modified":"2021-07-28T14:06:07","modified_gmt":"2021-07-28T12:06:07","slug":"das-magazin-gera-und-die-frage-nach-der-politischen-ausrichtung","status":"publish","type":"post","link":"https:\/\/www.studiogera.de\/001\/2021\/07\/28\/das-magazin-gera-und-die-frage-nach-der-politischen-ausrichtung\/","title":{"rendered":"DAS MAGAZIN \u201eGERA\u201c UND DIE FRAGE NACH DER POLITISCHEN AUSRICHTUNG"},"content":{"rendered":"\n<p>\u00dcber Politik wird gegenw\u00e4rtig mehr gesprochen als beispielsweise noch vor zwanzig Jahren. Von zunehmendem Interesse ist f\u00fcr viele hierbei die grunds\u00e4tzliche Haltung eines anderen. Auch unser Magazin \u201eGera\u201c wird dahingehend nat\u00fcrlich genau beobachtet. Doch welcher politischen Richtung ist es zuzuordnen?<\/p>\n\n\n\n<p>Unsere Nachrichten, Berichte und Kommentare stammen von verschiedenen Schreibern, wobei die Gewichtung mit Blick auf die politische Farbenvielfalt unterschiedlich ausfallen kann. Eine grunds\u00e4tzliche politische Ausrichtung oder N\u00e4he zu einer bestimmten Partei gibt es nicht, sehr wohl aber verschiedene Blickwinkel. Auch sind Beitr\u00e4ge zu lesen, die dazu ermutigen sollen, die ein oder andere Denkweise und Entscheidung zu hinterfragen, oder \u00fcber Dinge nachzudenken, die abseits des gedanklichen Alltags liegen.<\/p>\n\n\n\n<p>Das Magazin \u201eGera\u201c ist kein Instrument zur Verbreitung von Aufrufen, unabh\u00e4ngig vom Inhalt, und kein &#8222;Helfer&#8220; zu Gunsten bestimmter politischer Richtungen. Vielmehr ist es unser Ansinnen, kontroverse Themen so zu behandeln, dass sie die bereits vorhandene Polarisierung nicht ausnutzen, um in die n\u00e4chste Eskalationsstufe zu gelangen, sondern einen Dialog mit Perspektivwechsel erleichtern.<\/p>\n\n\n\n<p>Die Redaktion legt deshalb Wert auf einen guten Stil und Umgang. So haben wir beispielsweise \u00c4ngste, Missfallen und \u00c4rger auf unseren Seiten durchaus thematisiert. Eine \u00fcberm\u00e4\u00dfige Emotionalisierung, etwa um die Zugriffszahlen zu verbessern, lehnen wir genauso ab wie Feindbilder, abf\u00e4llige Worte und Bewegungen, die auf das ebengenannte aufbauen. Viel mehr fragen wir uns als Beobachter, worin die Ursachen der ein oder anderen Begebenheit liegen, was daraus folgen k\u00f6nnte, und wie sich unsere Leser sich die j\u00fcngsten Entwicklungen erkl\u00e4ren.<\/p>\n","protected":false},"excerpt":{"rendered":"<div class=\"mh-excerpt\"><p>\u00dcber Politik wird gegenw\u00e4rtig mehr gesprochen als beispielsweise noch vor zwanzig Jahren. Von zunehmendem Interesse ist f\u00fcr viele hierbei die grunds\u00e4tzliche Haltung eines anderen. Auch unser Magazin \u201eGera\u201c wird dahingehend nat\u00fcrlich genau beobachtet. Doch welcher <a class=\"mh-excerpt-more\" href=\"https:\/\/www.studiogera.de\/001\/2021\/07\/28\/das-magazin-gera-und-die-frage-nach-der-politischen-ausrichtung\/\" title=\"DAS MAGAZIN \u201eGERA\u201c UND DIE FRAGE NACH DER POLITISCHEN AUSRICHTUNG\">[&#8230;]<\/a><\/p>\n<\/div>","protected":false},"author":2,"featured_media":15968,"comment_status":"open","ping_status":"open","sticky":false,"template":"","format":"standard","meta":{"footnotes":""},"categories":[10],"tags":[],"class_list":{"0":"post-15967","1":"post","2":"type-post","3":"status-publish","4":"format-standard","5":"has-post-thumbnail","7":"category-internes"},"_links":{"self":[{"href":"https:\/\/www.studiogera.de\/001\/wp-json\/wp\/v2\/posts\/15967","targetHints":{"allow":["GET"]}}],"collection":[{"href":"https:\/\/www.studiogera.de\/001\/wp-json\/wp\/v2\/posts"}],"about":[{"href":"https:\/\/www.studiogera.de\/001\/wp-json\/wp\/v2\/types\/post"}],"author":[{"embeddable":true,"href":"https:\/\/www.studiogera.de\/001\/wp-json\/wp\/v2\/users\/2"}],"replies":[{"embeddable":true,"href":"https:\/\/www.studiogera.de\/001\/wp-json\/wp\/v2\/comments?post=15967"}],"version-history":[{"count":3,"href":"https:\/\/www.studiogera.de\/001\/wp-json\/wp\/v2\/posts\/15967\/revisions"}],"predecessor-version":[{"id":15973,"href":"https:\/\/www.studiogera.de\/001\/wp-json\/wp\/v2\/posts\/15967\/revisions\/15973"}],"wp:featuredmedia":[{"embeddable":true,"href":"https:\/\/www.studiogera.de\/001\/wp-json\/wp\/v2\/media\/15968"}],"wp:attachment":[{"href":"https:\/\/www.studiogera.de\/001\/wp-json\/wp\/v2\/media?parent=15967"}],"wp:term":[{"taxonomy":"category","embeddable":true,"href":"https:\/\/www.studiogera.de\/001\/wp-json\/wp\/v2\/categories?post=15967"},{"taxonomy":"post_tag","embeddable":true,"href":"https:\/\/www.studiogera.de\/001\/wp-json\/wp\/v2\/tags?post=15967"}],"curies":[{"name":"wp","href":"https:\/\/api.w.org\/{rel}","templated":true}]}}