{"id":15974,"date":"2021-07-28T14:38:14","date_gmt":"2021-07-28T12:38:14","guid":{"rendered":"http:\/\/www.studiogera.de\/001\/?p=15974"},"modified":"2021-07-28T14:38:15","modified_gmt":"2021-07-28T12:38:15","slug":"service-generationen-vom-2-bis-13-august-geschlossen","status":"publish","type":"post","link":"https:\/\/www.studiogera.de\/001\/2021\/07\/28\/service-generationen-vom-2-bis-13-august-geschlossen\/","title":{"rendered":"SERVICE GENERATIONEN VOM 2. BIS 13. AUGUST GESCHLOSSEN"},"content":{"rendered":"\n<p>Der Service Generationen bleibt in der Zeit vom 2. bis 13. August 2021 geschlossen. Bis zum 29. Juli 2021 k\u00f6nnen noch Fragen und Anliegen beantwortet sowie digitale Impfbescheinigungen abgeholt werden.<\/p>\n\n\n\n<p>Ab Montag, den 16. August 2021, ist der Service Generationen wieder wie gewohnt jeden Montag und Donnerstag von 8 Uhr bis 13 Uhr sowie dienstags von 14 Uhr bis 19 Uhr ge\u00f6ffnet. Auch telefonisch ist die Anlaufstelle in der Heinrichstra\u00dfe 43 dann wieder t\u00e4glich unter der Rufnummer 0365 8383060 zu erreichen.<\/p>\n","protected":false},"excerpt":{"rendered":"<div class=\"mh-excerpt\"><p>Der Service Generationen bleibt in der Zeit vom 2. bis 13. August 2021 geschlossen. Bis zum 29. Juli 2021 k\u00f6nnen noch Fragen und Anliegen beantwortet sowie digitale Impfbescheinigungen abgeholt werden. Ab Montag, den 16. August <a class=\"mh-excerpt-more\" href=\"https:\/\/www.studiogera.de\/001\/2021\/07\/28\/service-generationen-vom-2-bis-13-august-geschlossen\/\" title=\"SERVICE GENERATIONEN VOM 2. BIS 13. AUGUST GESCHLOSSEN\">[&#8230;]<\/a><\/p>\n<\/div>","protected":false},"author":2,"featured_media":1630,"comment_status":"open","ping_status":"open","sticky":false,"template":"","format":"standard","meta":{"footnotes":""},"categories":[16],"tags":[],"class_list":{"0":"post-15974","1":"post","2":"type-post","3":"status-publish","4":"format-standard","5":"has-post-thumbnail","7":"category-kurzmitteilungen"},"_links":{"self":[{"href":"https:\/\/www.studiogera.de\/001\/wp-json\/wp\/v2\/posts\/15974","targetHints":{"allow":["GET"]}}],"collection":[{"href":"https:\/\/www.studiogera.de\/001\/wp-json\/wp\/v2\/posts"}],"about":[{"href":"https:\/\/www.studiogera.de\/001\/wp-json\/wp\/v2\/types\/post"}],"author":[{"embeddable":true,"href":"https:\/\/www.studiogera.de\/001\/wp-json\/wp\/v2\/users\/2"}],"replies":[{"embeddable":true,"href":"https:\/\/www.studiogera.de\/001\/wp-json\/wp\/v2\/comments?post=15974"}],"version-history":[{"count":1,"href":"https:\/\/www.studiogera.de\/001\/wp-json\/wp\/v2\/posts\/15974\/revisions"}],"predecessor-version":[{"id":15975,"href":"https:\/\/www.studiogera.de\/001\/wp-json\/wp\/v2\/posts\/15974\/revisions\/15975"}],"wp:featuredmedia":[{"embeddable":true,"href":"https:\/\/www.studiogera.de\/001\/wp-json\/wp\/v2\/media\/1630"}],"wp:attachment":[{"href":"https:\/\/www.studiogera.de\/001\/wp-json\/wp\/v2\/media?parent=15974"}],"wp:term":[{"taxonomy":"category","embeddable":true,"href":"https:\/\/www.studiogera.de\/001\/wp-json\/wp\/v2\/categories?post=15974"},{"taxonomy":"post_tag","embeddable":true,"href":"https:\/\/www.studiogera.de\/001\/wp-json\/wp\/v2\/tags?post=15974"}],"curies":[{"name":"wp","href":"https:\/\/api.w.org\/{rel}","templated":true}]}}