{"id":15976,"date":"2021-07-28T14:45:44","date_gmt":"2021-07-28T12:45:44","guid":{"rendered":"http:\/\/www.studiogera.de\/001\/?p=15976"},"modified":"2021-07-28T14:45:46","modified_gmt":"2021-07-28T12:45:46","slug":"das-kulturelle-angebot-in-den-sommerferien-2","status":"publish","type":"post","link":"https:\/\/www.studiogera.de\/001\/2021\/07\/28\/das-kulturelle-angebot-in-den-sommerferien-2\/","title":{"rendered":"DAS KULTURELLE ANGEBOT IN DEN SOMMERFERIEN"},"content":{"rendered":"\n<p>Am 26. Juli 2021 begannen auch f\u00fcr die Geraer Sch\u00fcler die Sommerferien. Nach der langen Zeit umfangreicher Einschr\u00e4nkungen halten die Geraer Einrichtungen und Museen in den Ferienwochen jede Menge spannende, lehrreiche und unterhaltsame Angebote und Aktivit\u00e4ten f\u00fcr Kinder, Jugendliche und Familien bereit. Ob \u00dcbernachtungen auf der Radrennbahn, das Erstellen eines eigenen Museums, BMX-Kurse, Graffiti-Kurse oder gemeinsame Ausfl\u00fcge mit den Kinder- und Jugendclubs \u2014 hier ist f\u00fcr jeden etwas dabei.<\/p>\n\n\n\n<p><strong>Museum f\u00fcr Naturkunde<\/strong><br>Das Museum f\u00fcr Naturkunde bietet an 24 Terminen Ferienveranstaltungen an. Immer um 14 Uhr dienstags und donnerstags (27. Juli, 29. Juli, 3. August, 5. August, 10. August, 12. August, 17. August, 19. August, 24. August, 26. August, 31. August, 2. September) lautet das Motto \u201eDer Biber \u2014 Ein Nagetier der Superlative\u201c. Im Mittelpunkt dieser Veranstaltung steht der Europ\u00e4ische Biber \u2013 das zweitgr\u00f6\u00dfte Nagetier der Erde. Im Kinderkabinett Schwalbennest wird das Tier anhand eines Tierpr\u00e4parats als auch per Bild und Film vorgestellt. Au\u00dferdem wird insbesondere die R\u00fcckkehr des Bibers in der Wei\u00dfen Elster im Raum Ostth\u00fcringen thematisiert. Wie man die Anwesenheit des scheuen Tieres anhand der Fra\u00df- und Nagespuren an den Geh\u00f6lzen nahe dem Gew\u00e4sser erkennen kann, lernen die Teilnehmenden in einem Suchspiel. Anschlie\u00dfend kann ein \u201eBiber-Teller\u201c zur Wanddekoration im Kinderzimmer gebastelt werden. Immer um 14 Uhr mittwochs und freitags (28. Juli, 30. Juli, 4. August, 6. August, 11. August, 13. August, 18. August, 20. August, 25. August, 27. August, 1. September, 3. September) geht es hingegen um das Thema \u201eVorsicht giftig!\u201c. Im Kinderkabinett Schwalbennest und in der neuen Sonderausstellung des Museums gibt es Informationen rund um die giftige Indischen Brillenschlange bzw. Indische Kobra, um heimische Giftschlangen und giftige Steine, Pilze und Pflanzen. F\u00fcr die Teilnahme wird immer eine telefonische Voranmeldung w\u00e4hrend der \u00d6ffnungszeiten dienstags bis sonntags von 11 Uhr bis 17 Uhr unter 0365 520 03 empfohlen.<\/p>\n\n\n\n<p><strong>Museum f\u00fcr Angewandte Kunst<\/strong><br>Am Samstag, 31. Juli, von 11.30 Uhr bis 13.30 Uhr sowie am Dienstag, 3. August von 14 Uhr bis 16 Uhr l\u00e4dt das Museum f\u00fcr Angewandte Kunst in Gera zur \u00f6ffentlichen Sommerferien-Veranstaltung \u201eBarocker Protz! \u2013 glitzernden Schmuck kreieren\u201c ein. Kinder ab acht Jahren fertigen nach barocken Vorlagen funkelnde Schmuckst\u00fccke wie Ketten, Broschen und Orden an. Inspiration daf\u00fcr holen sich die Teilnehmenden in der Kabinettausstellung \u201eGlanz &amp; Eleganz\u201c. Die entstandenen Kreationen k\u00f6nnen mit nach Hause genommen. Am Donnerstag, 5. August und am Freitag, 3. September, hei\u00dft es in einer weiteren \u00f6ffentlichen Sommerferien-Veranstaltung jeweils zwischen 14 Uhr und 16 Uhr \u201eMiniseum \u2014 Gestalte deine eigene Ausstellung!\u201c. In diesem Workshop werden Kinder und Jugendliche ab acht Jahren selbst zur Direktorin oder zum Direktor ihres eigenen Museums. Es wird ein Mini-Museum im Karton mit verschiedenen Kunstwerken gebaut. Ideen f\u00fcr die Inhalte bietet die aktuelle Ausstellung \u201ePolyphon\u201c. Alle Teilnehmer d\u00fcrfen ihre \u201eMuseen\u201c im Anschluss behalten. Bei beiden Kursen wird eine Teilnahmegeb\u00fchr von 1,50 Euro sowie eine Materialpauschale von f\u00fcnf Euro erhoben. Eine Teilnahme ist aufgrund der begrenzten Teilnehmeranzahl nur nach vorheriger Anmeldung m\u00f6glich. Anmeldungen privater F\u00fchrungen und Kurse sowie Buchungen f\u00fcr Schulklassen und Hortgruppen k\u00f6nnen \u00fcber \u201eortmeyer.julia@gera.de\u201c oder telefonisch unter der Rufnummer 0365 8381436 vorgenommen werden.<\/p>\n\n\n\n<p><strong>Stadt- und Regionalbibliothek<\/strong><br>Ab dem 26. Juli 2021 sind alle Leseratten aufgerufen, sechs B\u00fccher nach freier Wahl zu lesen, diese zu bewerten und damit an der Verlosung von B\u00fcchergutscheinen im Wert von 15 Euro teilzunehmen. Die Mitmachaktion \u201eLies dich durch den Sommer\u201c in der Kinderbibliothek am Puschkinplatz und in der Stadtteilbibliothek Lusan geht bis zum 24. September. Dar\u00fcber hinaus werden am 3. August unter dem Motto &#8222;Magische B\u00fccherwelt&#8220; im Rahmen von \u201eSommer in der Stadt\u201c originelle Lesezeichen gebastelt, eine spannende Buchrallye veranstaltet, und gemeinsam mit Bee-Bot-Lernrobotern auf Schatzsuche gegangen.<\/p>\n\n\n\n<p>Die Kinderbibliothek am Puschkinplatz l\u00e4dt Hortgruppen mit Kindern der ersten bis vierten Klassen zwischen dem 2. August und 3. September zu einem abwechslungsreichen Ferientag ein: Immer dienstags, donnerstags und freitags ist gute Laune garantiert, wenn spannende B\u00fccher vorgelesen oder kreativ gebastelt wird. Lernroboter wie Bee-Bots begeistern und Tablets laden ein, selber aktiv zu werden. Es gibt eine gro\u00dfartige Schatzsuche und es kann ein erster Fotoroman erstellt werden. Eine Voranmeldung der Gruppen unter 0365 8383371 ist erforderlich. Der vom 26. bis 30. Juli 2021 stattfindende f\u00fcnft\u00e4gige Ferienkursus \u201eSei kreativ \u2014 probiere dich aus an neuen Medien\u201c ist zwar bereits ausgebucht, Interessierte sind aber herzlich zum Familientag am 31. Juli in die Bibliothek am Puschkinplatz eingeladen: Zwischen 10 und 13 Uhr werden die Ergebnisse aus dem Ferienkursus pr\u00e4sentiert und es besteht die M\u00f6glichkeit zum Testen und Ausprobieren. Alle Kinder zwischen sieben und zw\u00f6lf Jahren k\u00f6nnen sich an verschiedenen Terminen (29. Juli, 5. August, 12. August, 19. August, 24. August, 31. August) jeweils 9.30 Uhr in der Stadtteilbibliothek Lusan austoben und Steine in den verr\u00fccktesten Formen bemalen. So wird aus dem langweiligen grauen Stein ein farbenfroher Marienk\u00e4fer oder eine lustige Schildkr\u00f6te. Der Fantasie sind keine Grenzen gesetzt. Um Voranmeldung unter der Rufnummer 0365 7732810 wird gebeten.<\/p>\n\n\n\n<p><strong>Musikschule \u201eHeinrich Sch\u00fctz\u201c<\/strong><br>Die Musikschule l\u00e4dt alle Kinder mit ihren Eltern ein, in den Sommerferien das vielf\u00e4ltige Angebot an Musik-, Tanz- und Gesangsstunden kennenzulernen. Interessierte k\u00f6nnen sich w\u00e4hrend der Sprechzeiten von Montag bis Donnerstag jeweils 10 Uhr bis 11 Uhr \u00fcber die Ausbildungsm\u00f6glichkeiten informieren. Es wird darum gebeten, sich vorab unter \u201emusikschule@gera.de\u201c oder unter 0365 26916 anzumelden.<\/p>\n\n\n\n<p><strong>Tierpark<\/strong><br>In den Sommerferien k\u00f6nnen die Kinder und Jugendlichen im Waldzoo neuen<br>Nachwuchs bestaunen. So gibt es zum Beispiel Nachwuchs bei den Damhirschen. Damit die Tiere etwas Ruhe haben, ist die Anlage daher vor\u00fcbergehend geschlossen. Ebenfalls Nachwuchs hat es im begehbaren Affenwald bei den Berberaffen und bei den Minishetland-Ponyfohlen im Streichelgehege am Bauernhof gegeben. Dar\u00fcber hinaus l\u00e4dt der Tierpark zu den t\u00e4glichen F\u00fctterungszeiten um 11.30 Uhr bei den neuen wei\u00dfen L\u00f6wen und Leoparden, um 15 Uhr bei den Berberaffen sowie zu den Putz-und Pflegezeiten um 14 Uhr bei den Ponys im Streichelgehege ein. Ein weiterer H\u00f6hepunkt des Geraer Tierparks gerade f\u00fcr Kinder ist die Parkeisenbahn. Bei gutem Wetter f\u00e4hrt der Zug au\u00dfer montags und freitags t\u00e4glich von 9.30 Uhr bis 17.30 Uhr durch den romantischen Martinsgrund. Der Tierpark bietet jederzeit F\u00fchrungen und Tiertrekking nach vorheriger Absprache und Anmeldung unter 0365 810 127 an.<\/p>\n\n\n\n<p><strong>Kinder- und Jugendeinrichtungen<\/strong><br>Ein abwechslungsreiches Sommerprogramm versprechen auch die Kinder- und<br>Jugendeinrichtungen Geras.<\/p>\n\n\n\n<p><strong>\u201eSommer in der Stadt\u201c<\/strong><br>So hei\u00dft es vom 26. Juli bis 6. August auf den Hofwiesen. Der Kinderschutzbund, das deutsche Kinderhilfswerk, der Streetwork-Gera e. V. und der Schlupfwinkel und Sorgentelefon Gera e. V. bieten montags bis freitags jeweils 10 Uhr bis 15 Uhr ein buntes Ferienangebot an. Dieses umfasst unter anderem zahlreiche Spiel- und Sportm\u00f6glichkeiten (26. Juli), eine Spielzeugtauschb\u00f6rse (29. Juli), ein Familienpicknick (30. Juli), Verkleidungs- und Schminkaktionen (2. August) und endet mit einer gro\u00dfen Party am Freitag (6. August). Eine \u00dcbersicht \u00fcber die weiteren Angebote im Rahmen von \u201eSommer in der Stadt\u201c ist auf dem \u00f6ffentlichen Facebook-Auftritt vom Streetwork-Gera e. V. unter \u201ehttps:\/\/www.facebook.com\/161058107270220\/photos\/p.5831059503603357\/5831059503603357\/?type=3\u201c zu finden.<\/p>\n\n\n\n<p><strong>Kinder-, Jugend- und Freizeitzentrum \u201eCM\u201c<\/strong><br>Das Kinder-, Jugend- und Freizeitzentrum \u201eCM\u201c l\u00e4dt vom 25. bis 30. Juli zu einer Ferienfahrt auf die Insel R\u00fcgen ein. Auch vor Ort in Gera gibt es ein vielf\u00e4ltiges Programm f\u00fcr jeden Geschmack: So werden neben den allgemeinen Spa\u00df- und Spielangeboten unter anderem Plakate \u00fcber die Stadt Gera (27. Juli, 10. August) gestaltet, der \u201eTag der Jugend\u201c gefeiert (12. August) und ins M\u00fchltal gewandert, wo in der Froschm\u00fchle \u00fcbernachtet wird (18.- 19. August).<br>Kinder- und Jugendzentrum \u201eBumerang\u201c der Kindervereinigung e. V. Gera<\/p>\n\n\n\n<p><strong>Freizeitzentrum \u201eBumerang\u201c<\/strong><br>Im Kinder- und Jugendzentrum \u201eBumerang\u201c der Kindervereinigung e. V. Gera k\u00f6nnen sich die Kinder und Jugendlichen auf ein bunt gemischtes Angebot verschiedener Aktivit\u00e4ten freuen: Von Geocashing, einem Trommelkursus \u00fcber Minigolf und dem gemeinsamen Ausflug in den Tierpark ist alles dabei. Aufgrund einer begrenzten Teilnehmeranzahl ist eine Voranmeldung notwendig. \u00dcber das ganze Sommerangebot k\u00f6nnen sich Interessierte auch telefonisch unter der Rufnummer 0365 20427437 oder \u00fcber \u201ebumerang@kindervereinigung-gera.de\u201c n\u00e4her informieren.<\/p>\n\n\n\n<p><strong>Kinder- und Familienzentrum \u201eJumpers\u201c<\/strong><br>Im Kinder- und Familienzentrum Jumpers steht jede Ferienwoche unter einem anderen Motto. In der \u201aAktionswoche\u2018 (erste Ferienwoche) stehen unter anderem Besuche des Hofwiesenparks und Escape-Rooms auf dem Programm. Elektronisches Basteln, Erlernen von Tik-Tok-T\u00e4nzen, ein Bowling-Turnier und ein Musik-Kursus mit The Voice of Germany-Gewinner Samuel R\u00f6sch finden in der &#8218;Kreativ- und Sportwoche&#8216; statt (zweite Ferienwoche). In Woche drei und vier werden Familienausfl\u00fcge beispielsweise in den Sonnenlandpark Lichtenau oder den Tierpark angeboten. In der \u201aNaturerlebniswoche\u2018 (f\u00fcnfte Ferienwoche) k\u00f6nnen die Kinder und Jugendlichen im Wald fr\u00fchst\u00fccken, an einer Natur-Challenge oder Tierparksafari teilnehmen. Es gilt zu beachten, dass bei einigen Angeboten aufgrund der begrenzten Teilnehmerzahl eine Anmeldung erforderlich ist. Auskunft hierzu sowie zu den konkreten Veranstaltungszeiten erhalten Interessierte unter 0365-226 21 860 oder \u00fcber \u201egera@jumpers.de\u201c.<\/p>\n\n\n\n<p><strong>Skatepark<\/strong><br>Der Skatepark wartet ebenso mit einem besonderen Angebot in den Sommerferien auf. Die folgenden Angebote k\u00f6nnen ausschlie\u00dflich nach vorheriger Anmeldung wahrgenommen werden: So findet vom 30. bis 31. Juli das Skatepark-Camp mit gemeinsamen Grillen, Lagerfeuer und einer \u00dcbernachtung im Skatepark statt. Am 11. August k\u00f6nnen alle Interessierten bei einem Tagesauflug in einer Skatehalle in Leipzig ihr sportliches K\u00f6nnen unter Beweis stellen. Wer seine Fahrk\u00fcnste auf dem BMX oder Skateboard verbessern m\u00f6chte, kann dies im Rahmen eines Kursus am 14. August beziehungsweise am 21. und 22. August tun. Im Skatepark dreht sich aber nicht nur alles nur um die rollenden Fahrgestelle: Beim Graffiti-Kursus (28.-29. August) kann der Kreativit\u00e4t an den legalen Graffiti-Fl\u00e4chen im Skatepark freien Lauf gelassen werden. Beim Geocaching (1. September) wird der Umgang mit Koordinaten und dem dazugeh\u00f6rigen Navigationsger\u00e4t gelernt und durch geschickte Zusammenarbeit in Kleingruppen ein Cache im Hofwiesenpark gesucht. Dar\u00fcber hinaus gibt es eine Vielzahl an Aktivit\u00e4ten, an denen auch ohne Anmeldung teilgenommen werden kann: Bunny Hop (27. bis 28. August), Schatzsuche (05. August), Graffiti to Go (13. August), gemeinsames Kochen (20. August) oder gemeinsam alkoholfreie Cocktails zubereiten (3. September) sind nur einige Beispiel aus dem Angebot. Zudem veranstaltet der Skatepark wie im vergangenen Jahr einen Online-Contest: Teilnehmer haben vier Wochen lang Zeit, jeweils einen Trick auf der Rampe und au\u00dferhalb des Skateparks zu filmen, hochzuladen und den Skatepark zu verlinken. Eine Jury bewertet die Leistung und ermittelt den Sieger oder die Siegerin in verschiedenen Kategorien. Es winken szenetypische Preise. Informationen zum gesamten Angebot des Skatepark Gera sind unter \u201ewww.skateparkgera.de\u201c, bei Instagram (skatepark_gera) und auf Facebook (Skatepark Gera) zu finden. Weitere Kontaktm\u00f6glichkeiten f\u00fcr Fragen und Anmeldungen \u00fcber \u201einfo@skatepark-gera.de\u201c oder telefonisch unter 0152 53753632 (dienstags bis samstags von 14 Uhr bis 19 Uhr).<\/p>\n\n\n\n<p><strong>Radrennbahn-Camp 2021<\/strong><br>Sportlich wird es auch auf der Radrennbahn beim \u201eRadrennbahn-Camp 2021\u201c. Unter dem Motto \u201e\u00dcbernachte dort, wo sonst gefahren wird\u201c, k\u00f6nnen alle interessierten Kinder im Alter von sieben bis elf Jahren vom 30. August bis 3. September auf der Radrennbahn zelten. Innerhalb dieser Woche erwartet die Kinder ein abwechslungsreiches Programm von Bogenschie\u00dfen, \u00fcber einen Selbstverteidigungskurs bis hin zu einem Besuch im Tierpark. Die Kosten betragen 80 Euro pro Person f\u00fcr die \u00dcbernachtung, die Verpflegung und das Programm. Die Anmeldung erfolgt \u00fcber das LSB-Bildungsportal. Bei Fragen steht Petra Franke telefonisch unter der Rufnummer 0365 8310369 oder \u00fcber \u201egeraersportjugend@web.de\u201c zur Verf\u00fcgung.<\/p>\n\n\n\n<p><strong>Jugendhaus Shalom<\/strong><br>Das Jugendhaus Shalom bietet in diesem Jahr ebenso viele Besonderheiten an: Am 6. August geht es zum Beispiel in den Kletterwald Koala, am 16. August zur Minigolf Ranch. Ein Graffitikursus wird am 17. und 18. August und vom 20. bis 22. August eine Bildungsfahrt nach Bremen mit einem Besuch der Gedenkst\u00e4tte Lager Sandbostel durchgef\u00fchrt. Unter dem Motto \u201eGera im Nationalsozialismus\u201c erhalten interessierte Jugendliche vom 25. bis 27. August die M\u00f6glichkeit, ein Video \u00fcber diese Zeit zu drehen und sich mit Biografien von Geraern und den Stolpersteinen in der Stadt auseinanderzusetzen. Bei diesen Veranstaltungen ist eine Voranmeldung notwendig. \u00dcber die gesamten sechs Wochen wird dar\u00fcber hinaus ein breites Freizeitangebot von sportlichen Aktivit\u00e4ten wie Badminton, Tischtennis oder Wickingerschach, Koch- und Quizabende angeboten. Weiterf\u00fchrende Informationen zu diesen und anderen Ferienangeboten erhalten Interessierte telefonisch beim Jugendhaus \u201eShalom\u201c unter der Rufnummer 0365 413111.<\/p>\n\n\n\n<p>QUELLE: STADTVERWALTUNG<\/p>\n","protected":false},"excerpt":{"rendered":"<div class=\"mh-excerpt\"><p>Am 26. Juli 2021 begannen auch f\u00fcr die Geraer Sch\u00fcler die Sommerferien. Nach der langen Zeit umfangreicher Einschr\u00e4nkungen halten die Geraer Einrichtungen und Museen in den Ferienwochen jede Menge spannende, lehrreiche und unterhaltsame Angebote und <a class=\"mh-excerpt-more\" href=\"https:\/\/www.studiogera.de\/001\/2021\/07\/28\/das-kulturelle-angebot-in-den-sommerferien-2\/\" title=\"DAS KULTURELLE ANGEBOT IN DEN SOMMERFERIEN\">[&#8230;]<\/a><\/p>\n<\/div>","protected":false},"author":2,"featured_media":11131,"comment_status":"open","ping_status":"open","sticky":false,"template":"","format":"standard","meta":{"footnotes":""},"categories":[8],"tags":[],"class_list":{"0":"post-15976","1":"post","2":"type-post","3":"status-publish","4":"format-standard","5":"has-post-thumbnail","7":"category-kultur"},"_links":{"self":[{"href":"https:\/\/www.studiogera.de\/001\/wp-json\/wp\/v2\/posts\/15976","targetHints":{"allow":["GET"]}}],"collection":[{"href":"https:\/\/www.studiogera.de\/001\/wp-json\/wp\/v2\/posts"}],"about":[{"href":"https:\/\/www.studiogera.de\/001\/wp-json\/wp\/v2\/types\/post"}],"author":[{"embeddable":true,"href":"https:\/\/www.studiogera.de\/001\/wp-json\/wp\/v2\/users\/2"}],"replies":[{"embeddable":true,"href":"https:\/\/www.studiogera.de\/001\/wp-json\/wp\/v2\/comments?post=15976"}],"version-history":[{"count":1,"href":"https:\/\/www.studiogera.de\/001\/wp-json\/wp\/v2\/posts\/15976\/revisions"}],"predecessor-version":[{"id":15977,"href":"https:\/\/www.studiogera.de\/001\/wp-json\/wp\/v2\/posts\/15976\/revisions\/15977"}],"wp:featuredmedia":[{"embeddable":true,"href":"https:\/\/www.studiogera.de\/001\/wp-json\/wp\/v2\/media\/11131"}],"wp:attachment":[{"href":"https:\/\/www.studiogera.de\/001\/wp-json\/wp\/v2\/media?parent=15976"}],"wp:term":[{"taxonomy":"category","embeddable":true,"href":"https:\/\/www.studiogera.de\/001\/wp-json\/wp\/v2\/categories?post=15976"},{"taxonomy":"post_tag","embeddable":true,"href":"https:\/\/www.studiogera.de\/001\/wp-json\/wp\/v2\/tags?post=15976"}],"curies":[{"name":"wp","href":"https:\/\/api.w.org\/{rel}","templated":true}]}}