{"id":16198,"date":"2021-09-01T06:01:00","date_gmt":"2021-09-01T04:01:00","guid":{"rendered":"http:\/\/www.studiogera.de\/001\/?p=16198"},"modified":"2021-08-15T11:06:21","modified_gmt":"2021-08-15T09:06:21","slug":"dritte-aktion-stadtradeln-beginnt-am-5-september-2021","status":"publish","type":"post","link":"https:\/\/www.studiogera.de\/001\/2021\/09\/01\/dritte-aktion-stadtradeln-beginnt-am-5-september-2021\/","title":{"rendered":"DRITTE AKTION \u201eSTADTRADELN\u201c BEGINNT AM 5. SEPTEMBER 2021"},"content":{"rendered":"\n<p>Ab dem 5. September 2021 beteiligt sich die Stadt Gera zum dritten Mal am Wettbewerb \u201eStadtradeln\u201c. Drei Wochen lang k\u00f6nnen sich die B\u00fcrger einbringen, unter \u201ewww.stadtradeln.de\/gera\u201c anmelden und eine Gruppe gr\u00fcnden oder einer Gruppe beitreten, um Kilometer f\u00fcr Gera zu sammeln. Ganz gleich ob auf dem Weg zu Arbeit oder Schule, zum Einkaufen oder bei einer Radtour in der Freizeit \u2014 jeder Kilometer wird gez\u00e4hlt. Bereits 2019 und 2020 hatten sich viele Geraer an der Aktion beteiligt und somit einen Beitrag geleistet.<\/p>\n\n\n\n<p>\u201eIm vergangenen Jahr hatten wir einen \u00fcberw\u00e4ltigenden Zuspruch mit 472 Aktiven in 85 Teams und insgesamt 101&#8217;308 gefahrenen Kilometern. Mehr als 14 Tonnen CO\u2082 konnten dadurch gespart werden. Ich hoffe, wir k\u00f6nnen in diesem Jahr nochmal eine Schippe drauf legen\u201c, meinte Oberb\u00fcrgermeister Julian Vonarb.<\/p>\n\n\n\n<p>Die gefahrenen Kilometer k\u00f6nnen im Zeitraum vom 5. bis 25. September 2021 entweder \u00fcber die unentgeltliche Applikation \u201eStadtradeln\u201c aufgezeichnet oder \u00fcber das Internet eingetragen werden.<\/p>\n\n\n\n<p>Die Fahrer k\u00f6nnen am Ende der Aktion mit attraktiven Preisen sowie einer W\u00fcrdigung bei einer Abschlussveranstaltung rechnen. Details dazu werden noch bekannt gegeben.<\/p>\n\n\n\n<p>Der Radverkehrsbeauftragte der Stadt, Thomas Krau\u00dfe, l\u00e4dt alle herzlich zur Auftaktveranstaltung am 5. September 2021 um 10 Uhr auf den Geraer Marktplatz ein. Dort wird gleichzeitig der Bauhaustag er\u00f6ffnet. Wer gleich zu Beginn seine ersten Rad-Kilometer sammeln m\u00f6chte, kann an einer gef\u00fchrten Tour entlang der Bauhaus-Stationen teilnehmen.<\/p>\n\n\n\n<p>Beim Radwettbewerb \u201eStadtradeln\u201c handelt es sich um eine Kampagne des \u201eKlima-B\u00fcndnisses der europ\u00e4ischen St\u00e4dte mit indigenen V\u00f6lkern der Regenw\u00e4lder e. V.\u201c (siehe \u201ewww.klimabuendnis.org\u201c). Die Organisation hat ihren Hauptsitz in Frankfurt am Main und unterh\u00e4lt das gr\u00f6\u00dfte europ\u00e4ische St\u00e4dtenetzwerk zum Klimaschutz. Ziele der Aktion \u201eStadtradeln\u201c sind, B\u00fcrger zur Nutzung des Fahrrads im Alltag zu sensibilisieren und die Themen Fahrradnutzung und Radverkehrsplanung st\u00e4rker in die kommunalen Parlamente einzubringen.<\/p>\n\n\n\n<p>QUELLE: STADTVERWALTUNG<\/p>\n","protected":false},"excerpt":{"rendered":"<div class=\"mh-excerpt\"><p>Ab dem 5. September 2021 beteiligt sich die Stadt Gera zum dritten Mal am Wettbewerb \u201eStadtradeln\u201c. Drei Wochen lang k\u00f6nnen sich die B\u00fcrger einbringen, unter \u201ewww.stadtradeln.de\/gera\u201c anmelden und eine Gruppe gr\u00fcnden oder einer Gruppe beitreten, <a class=\"mh-excerpt-more\" href=\"https:\/\/www.studiogera.de\/001\/2021\/09\/01\/dritte-aktion-stadtradeln-beginnt-am-5-september-2021\/\" title=\"DRITTE AKTION \u201eSTADTRADELN\u201c BEGINNT AM 5. SEPTEMBER 2021\">[&#8230;]<\/a><\/p>\n<\/div>","protected":false},"author":2,"featured_media":16199,"comment_status":"open","ping_status":"open","sticky":false,"template":"","format":"standard","meta":{"footnotes":""},"categories":[8],"tags":[],"class_list":{"0":"post-16198","1":"post","2":"type-post","3":"status-publish","4":"format-standard","5":"has-post-thumbnail","7":"category-kultur"},"_links":{"self":[{"href":"https:\/\/www.studiogera.de\/001\/wp-json\/wp\/v2\/posts\/16198","targetHints":{"allow":["GET"]}}],"collection":[{"href":"https:\/\/www.studiogera.de\/001\/wp-json\/wp\/v2\/posts"}],"about":[{"href":"https:\/\/www.studiogera.de\/001\/wp-json\/wp\/v2\/types\/post"}],"author":[{"embeddable":true,"href":"https:\/\/www.studiogera.de\/001\/wp-json\/wp\/v2\/users\/2"}],"replies":[{"embeddable":true,"href":"https:\/\/www.studiogera.de\/001\/wp-json\/wp\/v2\/comments?post=16198"}],"version-history":[{"count":1,"href":"https:\/\/www.studiogera.de\/001\/wp-json\/wp\/v2\/posts\/16198\/revisions"}],"predecessor-version":[{"id":16200,"href":"https:\/\/www.studiogera.de\/001\/wp-json\/wp\/v2\/posts\/16198\/revisions\/16200"}],"wp:featuredmedia":[{"embeddable":true,"href":"https:\/\/www.studiogera.de\/001\/wp-json\/wp\/v2\/media\/16199"}],"wp:attachment":[{"href":"https:\/\/www.studiogera.de\/001\/wp-json\/wp\/v2\/media?parent=16198"}],"wp:term":[{"taxonomy":"category","embeddable":true,"href":"https:\/\/www.studiogera.de\/001\/wp-json\/wp\/v2\/categories?post=16198"},{"taxonomy":"post_tag","embeddable":true,"href":"https:\/\/www.studiogera.de\/001\/wp-json\/wp\/v2\/tags?post=16198"}],"curies":[{"name":"wp","href":"https:\/\/api.w.org\/{rel}","templated":true}]}}