{"id":16278,"date":"2021-08-26T10:18:39","date_gmt":"2021-08-26T08:18:39","guid":{"rendered":"http:\/\/www.studiogera.de\/001\/?p=16278"},"modified":"2021-08-26T10:18:40","modified_gmt":"2021-08-26T08:18:40","slug":"netzwerk-digitale-bildung-plant-aktionstage","status":"publish","type":"post","link":"https:\/\/www.studiogera.de\/001\/2021\/08\/26\/netzwerk-digitale-bildung-plant-aktionstage\/","title":{"rendered":"\u201eNETZWERK DIGITALE BILDUNG\u201c PLANT AKTIONSTAGE"},"content":{"rendered":"\n<p>Das \u201eNetzwerk digitale Bildung\u201c m\u00f6chte Aktionstage f\u00fcr verschiedene Zielgruppen gestalten. Darauf verst\u00e4ndigten sich die Vertreter des Netzwerks bereits am 10. August 2021 in der Stadt- und Regionalbibliothek. Trotz unterschiedlicher Voraussetzungen sei der Bedarf in allen Generationen sehr hoch, berichteten Olaf B\u00f6hme vom Th\u00fcringer Medienbildungszentrum der TLM in Gera (TMBZ) und der Leiter der Stadt- und Regionalbibliothek, Rainer Schmidt, aus ihrer Praxis. Am Beispiel des Ferienkursus \u201eTotal Digital\u201c f\u00fcr Sch\u00fcler habe sich gezeigt, dass es darauf ankomme, Nutzer passgenau anzusprechen. Die Veranstaltung solle k\u00fcnftig regelm\u00e4\u00dfig durchgef\u00fchrt werden, k\u00fcndigte Schmidt an.<\/p>\n\n\n\n<p>Die im Netzwerk digitale Bildung vertretenen Institutionen verf\u00fcgten \u00fcber umfangreiche Erfahrungen und Kompetenzen, um verschiedene Alters- oder Berufsgruppen zielgenau anzusprechen. Niedrigschwellige Angebote f\u00fcr alle Nutzer wie in der Bibliothek, k\u00f6nnten Einrichtungen wie TMBZ, Duale Hochschule oder das Staatliche Studienseminar f\u00fcr Lehrerausbildung durch spezifische Fachlichkeit erg\u00e4nzen. Die M\u00f6glichkeiten von Smart City sollten genutzt werden, um die Arbeit des am 1. Juli 2021 gegr\u00fcndeten Netzwerks digitale Bildung zu unterst\u00fctzen, warben die Teilnehmer des Treffens vom 10. August 2021, darunter auch der Sprecher der Arbeitsgruppe Bildung und Kultur von Smart City, Florian Grunert.<\/p>\n\n\n\n<p>Dem \u201eNetzwerk digitale Bildung\u201c geh\u00f6ren 15 Vertreter Geraer Bildungsinstitutionen an. Ziel des Netzwerks ist der regelm\u00e4\u00dfige zwanglose Austausch zu Themen der digitalen Bildung. Weitere Interessenten an dem Netzwerk k\u00f6nnen sich beim Amt f\u00fcr Bildung der Stadt Gera unter \u201ebildung@gera.de\u201c melden.<\/p>\n\n\n\n<p>QUELLE: STADTVERWALTUNG<\/p>\n","protected":false},"excerpt":{"rendered":"<div class=\"mh-excerpt\"><p>Das \u201eNetzwerk digitale Bildung\u201c m\u00f6chte Aktionstage f\u00fcr verschiedene Zielgruppen gestalten. Darauf verst\u00e4ndigten sich die Vertreter des Netzwerks bereits am 10. August 2021 in der Stadt- und Regionalbibliothek. Trotz unterschiedlicher Voraussetzungen sei der Bedarf in allen <a class=\"mh-excerpt-more\" href=\"https:\/\/www.studiogera.de\/001\/2021\/08\/26\/netzwerk-digitale-bildung-plant-aktionstage\/\" title=\"\u201eNETZWERK DIGITALE BILDUNG\u201c PLANT AKTIONSTAGE\">[&#8230;]<\/a><\/p>\n<\/div>","protected":false},"author":2,"featured_media":16280,"comment_status":"open","ping_status":"open","sticky":false,"template":"","format":"standard","meta":{"footnotes":""},"categories":[17],"tags":[],"class_list":{"0":"post-16278","1":"post","2":"type-post","3":"status-publish","4":"format-standard","5":"has-post-thumbnail","7":"category-medien"},"_links":{"self":[{"href":"https:\/\/www.studiogera.de\/001\/wp-json\/wp\/v2\/posts\/16278","targetHints":{"allow":["GET"]}}],"collection":[{"href":"https:\/\/www.studiogera.de\/001\/wp-json\/wp\/v2\/posts"}],"about":[{"href":"https:\/\/www.studiogera.de\/001\/wp-json\/wp\/v2\/types\/post"}],"author":[{"embeddable":true,"href":"https:\/\/www.studiogera.de\/001\/wp-json\/wp\/v2\/users\/2"}],"replies":[{"embeddable":true,"href":"https:\/\/www.studiogera.de\/001\/wp-json\/wp\/v2\/comments?post=16278"}],"version-history":[{"count":1,"href":"https:\/\/www.studiogera.de\/001\/wp-json\/wp\/v2\/posts\/16278\/revisions"}],"predecessor-version":[{"id":16281,"href":"https:\/\/www.studiogera.de\/001\/wp-json\/wp\/v2\/posts\/16278\/revisions\/16281"}],"wp:featuredmedia":[{"embeddable":true,"href":"https:\/\/www.studiogera.de\/001\/wp-json\/wp\/v2\/media\/16280"}],"wp:attachment":[{"href":"https:\/\/www.studiogera.de\/001\/wp-json\/wp\/v2\/media?parent=16278"}],"wp:term":[{"taxonomy":"category","embeddable":true,"href":"https:\/\/www.studiogera.de\/001\/wp-json\/wp\/v2\/categories?post=16278"},{"taxonomy":"post_tag","embeddable":true,"href":"https:\/\/www.studiogera.de\/001\/wp-json\/wp\/v2\/tags?post=16278"}],"curies":[{"name":"wp","href":"https:\/\/api.w.org\/{rel}","templated":true}]}}