{"id":16343,"date":"2021-09-06T21:21:09","date_gmt":"2021-09-06T19:21:09","guid":{"rendered":"http:\/\/www.studiogera.de\/001\/?p=16343"},"modified":"2021-09-06T21:21:10","modified_gmt":"2021-09-06T19:21:10","slug":"sanierungsarbeiten-in-der-christian-schmidt-strasse","status":"publish","type":"post","link":"https:\/\/www.studiogera.de\/001\/2021\/09\/06\/sanierungsarbeiten-in-der-christian-schmidt-strasse\/","title":{"rendered":"SANIERUNGSARBEITEN IN DER CHRISTIAN-SCHMIDT-STRASSE"},"content":{"rendered":"\n<p>Im Rahmen der laufenden Fahrbahnsanierungen durch die Firma Eurovia Verkehrsbau Union GmbH im Stadtgebiet, beginnen am Mittwoch, den 8. September 2021, die Arbeiten in der Christian-Schmidt-Stra\u00dfe. Aufgrund dieser Ma\u00dfnahme ist es notwendig, die Stra\u00dfe zwischen der Zufahrt zum Einkaufszentrum und dem Sachsenplatz vollst\u00e4ndig f\u00fcr den Fahrverkehr zu sperren. Die Arbeiten in diesem Bereich sollen voraussichtlich am 14. September 2021 abgeschlossen sein.<\/p>\n","protected":false},"excerpt":{"rendered":"<div class=\"mh-excerpt\"><p>Im Rahmen der laufenden Fahrbahnsanierungen durch die Firma Eurovia Verkehrsbau Union GmbH im Stadtgebiet, beginnen am Mittwoch, den 8. September 2021, die Arbeiten in der Christian-Schmidt-Stra\u00dfe. Aufgrund dieser Ma\u00dfnahme ist es notwendig, die Stra\u00dfe zwischen <a class=\"mh-excerpt-more\" href=\"https:\/\/www.studiogera.de\/001\/2021\/09\/06\/sanierungsarbeiten-in-der-christian-schmidt-strasse\/\" title=\"SANIERUNGSARBEITEN IN DER CHRISTIAN-SCHMIDT-STRASSE\">[&#8230;]<\/a><\/p>\n<\/div>","protected":false},"author":3,"featured_media":8479,"comment_status":"open","ping_status":"open","sticky":false,"template":"","format":"standard","meta":{"footnotes":""},"categories":[16],"tags":[],"class_list":{"0":"post-16343","1":"post","2":"type-post","3":"status-publish","4":"format-standard","5":"has-post-thumbnail","7":"category-kurzmitteilungen"},"_links":{"self":[{"href":"https:\/\/www.studiogera.de\/001\/wp-json\/wp\/v2\/posts\/16343","targetHints":{"allow":["GET"]}}],"collection":[{"href":"https:\/\/www.studiogera.de\/001\/wp-json\/wp\/v2\/posts"}],"about":[{"href":"https:\/\/www.studiogera.de\/001\/wp-json\/wp\/v2\/types\/post"}],"author":[{"embeddable":true,"href":"https:\/\/www.studiogera.de\/001\/wp-json\/wp\/v2\/users\/3"}],"replies":[{"embeddable":true,"href":"https:\/\/www.studiogera.de\/001\/wp-json\/wp\/v2\/comments?post=16343"}],"version-history":[{"count":1,"href":"https:\/\/www.studiogera.de\/001\/wp-json\/wp\/v2\/posts\/16343\/revisions"}],"predecessor-version":[{"id":16344,"href":"https:\/\/www.studiogera.de\/001\/wp-json\/wp\/v2\/posts\/16343\/revisions\/16344"}],"wp:featuredmedia":[{"embeddable":true,"href":"https:\/\/www.studiogera.de\/001\/wp-json\/wp\/v2\/media\/8479"}],"wp:attachment":[{"href":"https:\/\/www.studiogera.de\/001\/wp-json\/wp\/v2\/media?parent=16343"}],"wp:term":[{"taxonomy":"category","embeddable":true,"href":"https:\/\/www.studiogera.de\/001\/wp-json\/wp\/v2\/categories?post=16343"},{"taxonomy":"post_tag","embeddable":true,"href":"https:\/\/www.studiogera.de\/001\/wp-json\/wp\/v2\/tags?post=16343"}],"curies":[{"name":"wp","href":"https:\/\/api.w.org\/{rel}","templated":true}]}}