{"id":16356,"date":"2021-09-08T10:25:10","date_gmt":"2021-09-08T08:25:10","guid":{"rendered":"http:\/\/www.studiogera.de\/001\/?p=16356"},"modified":"2021-09-08T10:27:35","modified_gmt":"2021-09-08T08:27:35","slug":"eroeffnung-der-ostschule-als-thueringer-gemeinschaftsschule","status":"publish","type":"post","link":"https:\/\/www.studiogera.de\/001\/2021\/09\/08\/eroeffnung-der-ostschule-als-thueringer-gemeinschaftsschule\/","title":{"rendered":"ER\u00d6FFNUNG DER OSTSCHULE ALS TH\u00dcRINGER GEMEINSCHAFTSSCHULE"},"content":{"rendered":"\n<p>Am 6. September 2021 feierten die Sch\u00fcler sowie das Lehrerkollegium der Ostschule den ersten Schultag nach den Sommerferien als Th\u00fcringer Gemeinschaftsschule (TGS). Geras Oberb\u00fcrgermeister Julian Vonarb und Th\u00fcringens Minister f\u00fcr Bildung, Jugend und Sport, Helmut Holter gratulierten zur neuen Schulform. Sie ist die erste staatliche Gemeinschaftsschule in Gera und die Nummer 53 im Freistaat Th\u00fcringen. \u201eWir erweitern mit dieser Entwicklung die Geraer Schullandschaft ma\u00dfgeblich und gehen einen entscheidenden Weg f\u00fcr die Bildung in der Stadt. Das erf\u00fcllt mich mit Stolz\u201c, so Vonarb.<\/p>\n\n\n\n<p>Die Initiative des Schulartwechsels geht auf die Schule selbst zur\u00fcck. Bereits im Jahre 2010 begannen die Vorbereitungen, die Regelschule in eine Gemeinschaftsschule umzuwandeln. 2017 hat der Stadtrat mit dem Schulnetzplan f\u00fcr die Schuljahre 2016\/2017 bis 2021\/2022 beschlossen, dass die Ostschule eine Th\u00fcringer Gemeinschaftsschule wird. Die TGS ist im aktuellen Schuljahr 2021\/2022 mit drei f\u00fcnften Klassen gestartet. Im n\u00e4chsten Schuljahr 2022\/2023 werden dann auch erstmals Erstkl\u00e4sslerinnen und Erstkl\u00e4ssler aufgenommen, die dann bis zur zehnten Klasse gef\u00fchrt werden. Die Besonderheit einer Gemeinschaftsschule ist das gemeinsame Lernen bis zur Klassenstufe acht sowie die breite Abschlussvielfalt. Ob Hauptschulabschluss, qualifizierender Hauptschulabschluss, Realschulabschluss, schulischer Teil der Fachhochschulreife oder allgemeine Hochschulreife \u2014 die Entscheidung dar\u00fcber treffen die Sch\u00fclerinnen und Sch\u00fcler erst nach der Klassenstufe acht. Ab der Klassenstufe neun wird dann abschlussbezogen unterrichtet. Dank der Unterst\u00fctzung des Amtes f\u00fcr Bildung, des Staatlichen Schulamtes sowie der Ostschule selbst ist der Schulartwechsel erfolgreich gegl\u00fcckt.<\/p>\n\n\n\n<p>\u201eInsbesondere der Schulleiterin Frau Amberg gilt mein besonderer Dank. Mit viel Engagement und Herzblut hat sie die finalen Schritte der Ostschule auf dem Weg zu TGS mitgef\u00fchrt\u201c, so Julian Vonarb. F\u00fcr die Geraer Schulen bedeute diese Ver\u00e4nderung der Schulart eine gro\u00dfe Entlastung, f\u00fcr die beiden bereits bestehenden Gemeinschaftsschulen in freier Tr\u00e4gerschaft eine Erweiterung.<\/p>\n\n\n\n<p>Die Ostschule geh\u00f6rt zu den traditionsreichsten Schulen der Stadt mit lebhafter Geschichte. Sie war eine Gemeinschaftsschule in der Zeit der sogenannten Weimarer Republik. Bis zum Jahre 1991 war es die POS \u201eKarl Liebknecht\u201c, und seit der Wiedervereinigung eine staatlich anerkannte Regelschule. In den beiden Weltkriegen diente ihr solider Ziegelbau als Lazarett f\u00fcr Verwundete. 2009 erhielt die Ostschule vom Th\u00fcringer Ministerium f\u00fcr Bildung, Jugend und Sport den Namenszusatz \u201eEuropaschule\u201c, womit ihr europaorientiertes interkulturelles Bildungsprofil angesprochen ist, das durch die zielgerichtete F\u00f6rderung der interkulturellen Kompetenzen in allen Jahrgangsstufen zum Ausdruck kommt \u2014 etwa in Form der curricularen Integration europ\u00e4ischer Themen, Fremdsprachenlernen sowie projektorientierte Schulpartnerschaften und Praktika.<\/p>\n\n\n\n<p>Im direkten Zusammenhang mit dem Wechsel der Schulart steht auch die derzeitige grundlegende Geb\u00e4udesanierung der Geraer Ostschule in der Karl-Liebknecht-Stra\u00dfe 56. Diese umfasst ebenfalls den Neubau der Sporthalle sowie die komplette Erneuerung der Freifl\u00e4chen. W\u00e4hrend der gesamten Bauzeit dient das Schulgeb\u00e4ude in der Eiselstra\u00dfe 44 als Ausweichstandort.<\/p>\n\n\n\n<p>QUELLE: STADTVERWALTUNG<\/p>\n","protected":false},"excerpt":{"rendered":"<div class=\"mh-excerpt\"><p>Am 6. September 2021 feierten die Sch\u00fcler sowie das Lehrerkollegium der Ostschule den ersten Schultag nach den Sommerferien als Th\u00fcringer Gemeinschaftsschule (TGS). Geras Oberb\u00fcrgermeister Julian Vonarb und Th\u00fcringens Minister f\u00fcr Bildung, Jugend und Sport, Helmut <a class=\"mh-excerpt-more\" href=\"https:\/\/www.studiogera.de\/001\/2021\/09\/08\/eroeffnung-der-ostschule-als-thueringer-gemeinschaftsschule\/\" title=\"ER\u00d6FFNUNG DER OSTSCHULE ALS TH\u00dcRINGER GEMEINSCHAFTSSCHULE\">[&#8230;]<\/a><\/p>\n<\/div>","protected":false},"author":2,"featured_media":16369,"comment_status":"open","ping_status":"open","sticky":false,"template":"","format":"standard","meta":{"footnotes":""},"categories":[3],"tags":[],"class_list":{"0":"post-16356","1":"post","2":"type-post","3":"status-publish","4":"format-standard","5":"has-post-thumbnail","7":"category-lokal"},"_links":{"self":[{"href":"https:\/\/www.studiogera.de\/001\/wp-json\/wp\/v2\/posts\/16356","targetHints":{"allow":["GET"]}}],"collection":[{"href":"https:\/\/www.studiogera.de\/001\/wp-json\/wp\/v2\/posts"}],"about":[{"href":"https:\/\/www.studiogera.de\/001\/wp-json\/wp\/v2\/types\/post"}],"author":[{"embeddable":true,"href":"https:\/\/www.studiogera.de\/001\/wp-json\/wp\/v2\/users\/2"}],"replies":[{"embeddable":true,"href":"https:\/\/www.studiogera.de\/001\/wp-json\/wp\/v2\/comments?post=16356"}],"version-history":[{"count":2,"href":"https:\/\/www.studiogera.de\/001\/wp-json\/wp\/v2\/posts\/16356\/revisions"}],"predecessor-version":[{"id":16370,"href":"https:\/\/www.studiogera.de\/001\/wp-json\/wp\/v2\/posts\/16356\/revisions\/16370"}],"wp:featuredmedia":[{"embeddable":true,"href":"https:\/\/www.studiogera.de\/001\/wp-json\/wp\/v2\/media\/16369"}],"wp:attachment":[{"href":"https:\/\/www.studiogera.de\/001\/wp-json\/wp\/v2\/media?parent=16356"}],"wp:term":[{"taxonomy":"category","embeddable":true,"href":"https:\/\/www.studiogera.de\/001\/wp-json\/wp\/v2\/categories?post=16356"},{"taxonomy":"post_tag","embeddable":true,"href":"https:\/\/www.studiogera.de\/001\/wp-json\/wp\/v2\/tags?post=16356"}],"curies":[{"name":"wp","href":"https:\/\/api.w.org\/{rel}","templated":true}]}}